{"id":4530,"date":"2024-03-18T08:00:00","date_gmt":"2024-03-18T07:00:00","guid":{"rendered":"https:\/\/associationfanarenana.org\/?p=4530"},"modified":"2024-03-10T00:03:42","modified_gmt":"2024-03-09T23:03:42","slug":"le-parcours-de-mira-un-chemin-seme-dembuches","status":"publish","type":"post","link":"https:\/\/associationfanarenana.org\/index.php\/2024\/03\/18\/le-parcours-de-mira-un-chemin-seme-dembuches\/","title":{"rendered":"Le parcours de Mira: un chemin sem\u00e9 d&#8217;emb\u00fbches"},"content":{"rendered":"\t\t<div data-elementor-type=\"wp-post\" data-elementor-id=\"4530\" class=\"elementor elementor-4530\">\n\t\t\t\t<div class=\"elementor-element elementor-element-e09145f e-flex e-con-boxed wpr-particle-no wpr-jarallax-no wpr-parallax-no wpr-sticky-section-no e-con e-parent\" data-id=\"e09145f\" data-element_type=\"container\" data-e-type=\"container\">\n\t\t\t\t\t<div class=\"e-con-inner\">\n\t\t\t\t<div class=\"elementor-element elementor-element-121e82a elementor-widget-divider--view-line elementor-widget elementor-widget-divider\" data-id=\"121e82a\" data-element_type=\"widget\" data-e-type=\"widget\" data-widget_type=\"divider.default\">\n\t\t\t\t<div class=\"elementor-widget-container\">\n\t\t\t\t\t\t\t<div class=\"elementor-divider\">\n\t\t\t<span class=\"elementor-divider-separator\">\n\t\t\t\t\t\t<\/span>\n\t\t<\/div>\n\t\t\t\t\t\t<\/div>\n\t\t\t\t<\/div>\n\t\t\t\t<div class=\"elementor-element elementor-element-5a77c41 elementor-widget elementor-widget-spacer\" data-id=\"5a77c41\" data-element_type=\"widget\" data-e-type=\"widget\" data-widget_type=\"spacer.default\">\n\t\t\t\t<div class=\"elementor-widget-container\">\n\t\t\t\t\t\t\t<div class=\"elementor-spacer\">\n\t\t\t<div class=\"elementor-spacer-inner\"><\/div>\n\t\t<\/div>\n\t\t\t\t\t\t<\/div>\n\t\t\t\t<\/div>\n\t\t<div class=\"elementor-element elementor-element-c1a2f53 e-flex e-con-boxed wpr-particle-no wpr-jarallax-no wpr-parallax-no wpr-sticky-section-no e-con e-child\" data-id=\"c1a2f53\" data-element_type=\"container\" data-e-type=\"container\">\n\t\t\t\t\t<div class=\"e-con-inner\">\n\t\t<div class=\"elementor-element elementor-element-7bb248b e-con-full e-flex wpr-particle-no wpr-jarallax-no wpr-parallax-no wpr-sticky-section-no e-con e-child\" data-id=\"7bb248b\" data-element_type=\"container\" data-e-type=\"container\">\n\t\t\t\t<div class=\"elementor-element elementor-element-e58cd4b elementor-widget__width-initial elementor-widget elementor-widget-text-editor\" data-id=\"e58cd4b\" data-element_type=\"widget\" data-e-type=\"widget\" data-widget_type=\"text-editor.default\">\n\t\t\t\t<div class=\"elementor-widget-container\">\n\t\t\t\t\t\t\t\t\t<p>Mira Corina, aujourd\u2019hui \u00e2g\u00e9e de 21 ans, est n\u00e9e dans un village du district de Fenoarivo Atsinanana, situ\u00e9 sur la c\u00f4te est de Madagascar \u00e0 environ 100 km au nord de la ville de Toamasina. Son enfance fut marqu\u00e9e par les railleries et l&rsquo;exclusion en raison de son handicap visuel. \u00ab Dans mon village, j&rsquo;\u00e9tais toujours mise \u00e0 l&rsquo;\u00e9cart de toutes les activit\u00e9s parce que je ne voyais pas bien. Cela me faisait beaucoup de peine \u00bb, murmure-t-elle. Un jour, des responsables \u00e9ducatifs incit\u00e8rent sa m\u00e8re \u00e0 l&rsquo;inscrire \u00e0 l&rsquo;\u00e9cole dans le but de favoriser son d\u00e9veloppement personnel et son autonomie. \u00ab D\u00e8s le premier jour de classe, ma m\u00e8re m&rsquo;a laiss\u00e9e seule pour que je puisse m&rsquo;habituer \u00e0 me rendre de la maison \u00e0 l&rsquo;\u00e9cole, mais je savais qu\u2019elle me surveillait de loin. Avec mes limitations visuelles, chaque pas sur le chemin de l&rsquo;\u00e9cole \u00e9tait un d\u00e9fi avec son lot d&rsquo;obstacles : des chiens errants, des serpents, et parfois m\u00eame des cours d&rsquo;eau o\u00f9 je chutais \u00bb, raconte-t-elle avec \u00e9motion.<\/p>\t\t\t\t\t\t\t\t<\/div>\n\t\t\t\t<\/div>\n\t\t\t\t<div class=\"elementor-element elementor-element-d2939c9 elementor-widget elementor-widget-heading\" data-id=\"d2939c9\" data-element_type=\"widget\" data-e-type=\"widget\" data-widget_type=\"heading.default\">\n\t\t\t\t<div class=\"elementor-widget-container\">\n\t\t\t\t\t<h2 class=\"elementor-heading-title elementor-size-default\">Une intervention d\u00e9terminante<\/h2>\t\t\t\t<\/div>\n\t\t\t\t<\/div>\n\t\t\t\t<div class=\"elementor-element elementor-element-525bfcc elementor-widget elementor-widget-text-editor\" data-id=\"525bfcc\" data-element_type=\"widget\" data-e-type=\"widget\" data-widget_type=\"text-editor.default\">\n\t\t\t\t<div class=\"elementor-widget-container\">\n\t\t\t\t\t\t\t\t\t<p>Mira Corina n&rsquo;aurait jamais imagin\u00e9 que sa vie prendrait un nouveau virage apr\u00e8s l&rsquo;intervention de l&rsquo;association Fanarenana dans son \u00e9cole. En effet, une \u00e9quipe m\u00e9dicale s&rsquo;y \u00e9tait rendue dans le but de rencontrer les \u00e9l\u00e8ves et de proc\u00e9der \u00e0 des \u00e9valuations pour d\u00e9pister d&rsquo;\u00e9ventuels probl\u00e8mes de vue et autres difficult\u00e9s. C\u2019est ainsi que le cas de l&rsquo;\u00e9coli\u00e8re s\u2019est r\u00e9v\u00e9l\u00e9 \u00eatre une priorit\u00e9 absolue.<\/p><p>Elle se souvient avec un sourire en coin : \u00ab Ce jour-l\u00e0, ma s\u0153ur et moi nous sommes cach\u00e9es dans la for\u00eat, parce qu\u2019on pensait qu\u2019ils \u00e9taient venus pour enlever des \u00e9l\u00e8ves. \u00bb \u00c0 la demande du personnel m\u00e9dical de Fanarenana, le directeur de l&rsquo;\u00e9cole a rendu visite aux parents de Mira Corina afin qu\u2019ils puissent la convaincre de retourner \u00e0 l\u2019\u00e9cole pour la poursuite des consultations. Gr\u00e2ce au diagnostic \u00e9tabli et \u00e0 la prise en charge qui a suivi, la jeune fille a pu se rendre \u00e0 Antananarivo, la capitale, pour y \u00eatre op\u00e9r\u00e9e d\u2019une double cataracte. Ce qui a consid\u00e9rablement am\u00e9lior\u00e9 sa vision et la qualit\u00e9 de sa vie quotidienne. N\u00e9anmoins, quelque temps apr\u00e8s, Mira Corina a malheureusement \u00e9t\u00e9 victime d&rsquo;une agression sexuelle sur le chemin de l\u2019\u00e9cole : \u00ab Mon agresseur m&rsquo;a fait tomber, cassant mes lunettes et me blessant les yeux \u00bb, raconte-t-elle. \u00ab D\u00e8s que les membres de l\u2019association ont \u00e9t\u00e9 inform\u00e9s de cet incident, ils sont rapidement intervenus et j&rsquo;ai subi une deuxi\u00e8me intervention chirurgicale. \u00bb<\/p>\t\t\t\t\t\t\t\t<\/div>\n\t\t\t\t<\/div>\n\t\t\t\t<\/div>\n\t\t\t\t<div class=\"elementor-element elementor-element-47ee778 elementor-widget__width-initial elementor-widget elementor-widget-spacer\" data-id=\"47ee778\" data-element_type=\"widget\" data-e-type=\"widget\" data-widget_type=\"spacer.default\">\n\t\t\t\t<div class=\"elementor-widget-container\">\n\t\t\t\t\t\t\t<div class=\"elementor-spacer\">\n\t\t\t<div class=\"elementor-spacer-inner\"><\/div>\n\t\t<\/div>\n\t\t\t\t\t\t<\/div>\n\t\t\t\t<\/div>\n\t\t<div class=\"elementor-element elementor-element-2804d47 e-con-full e-flex wpr-particle-no wpr-jarallax-no wpr-parallax-no wpr-sticky-section-no e-con e-child\" data-id=\"2804d47\" data-element_type=\"container\" data-e-type=\"container\">\n\t\t\t\t<div class=\"elementor-element elementor-element-4d0a4e4 elementor-widget elementor-widget-image\" data-id=\"4d0a4e4\" data-element_type=\"widget\" data-e-type=\"widget\" data-widget_type=\"image.default\">\n\t\t\t\t<div class=\"elementor-widget-container\">\n\t\t\t\t\t\t\t\t\t\t\t\t\t\t\t<img fetchpriority=\"high\" decoding=\"async\" width=\"683\" height=\"1024\" src=\"https:\/\/associationfanarenana.org\/wp-content\/uploads\/2024\/02\/01-683x1024.jpg\" class=\"attachment-large size-large wp-image-1929\" alt=\"\" srcset=\"https:\/\/associationfanarenana.org\/wp-content\/uploads\/2024\/02\/01-683x1024.jpg 683w, https:\/\/associationfanarenana.org\/wp-content\/uploads\/2024\/02\/01-200x300.jpg 200w, https:\/\/associationfanarenana.org\/wp-content\/uploads\/2024\/02\/01-768x1151.jpg 768w, https:\/\/associationfanarenana.org\/wp-content\/uploads\/2024\/02\/01-1025x1536.jpg 1025w, https:\/\/associationfanarenana.org\/wp-content\/uploads\/2024\/02\/01.jpg 1049w\" sizes=\"(max-width: 683px) 100vw, 683px\" \/>\t\t\t\t\t\t\t\t\t\t\t\t\t\t\t<\/div>\n\t\t\t\t<\/div>\n\t\t\t\t<div class=\"elementor-element elementor-element-5f2f047 elementor-widget elementor-widget-spacer\" data-id=\"5f2f047\" data-element_type=\"widget\" data-e-type=\"widget\" data-widget_type=\"spacer.default\">\n\t\t\t\t<div class=\"elementor-widget-container\">\n\t\t\t\t\t\t\t<div class=\"elementor-spacer\">\n\t\t\t<div class=\"elementor-spacer-inner\"><\/div>\n\t\t<\/div>\n\t\t\t\t\t\t<\/div>\n\t\t\t\t<\/div>\n\t\t\t\t<div class=\"elementor-element elementor-element-1aaad81 elementor-widget elementor-widget-heading\" data-id=\"1aaad81\" data-element_type=\"widget\" data-e-type=\"widget\" data-widget_type=\"heading.default\">\n\t\t\t\t<div class=\"elementor-widget-container\">\n\t\t\t\t\t<h2 class=\"elementor-heading-title elementor-size-default\">\u00ab Dans mon village, j'\u00e9tais toujours mise \u00e0 l'\u00e9cart de toutes les activit\u00e9s parce que je ne voyais pas bien. Cela me faisait beaucoup de peine \u00bb<\/h2>\t\t\t\t<\/div>\n\t\t\t\t<\/div>\n\t\t\t\t<div class=\"elementor-element elementor-element-25d4bce elementor-widget elementor-widget-spacer\" data-id=\"25d4bce\" data-element_type=\"widget\" data-e-type=\"widget\" data-widget_type=\"spacer.default\">\n\t\t\t\t<div class=\"elementor-widget-container\">\n\t\t\t\t\t\t\t<div class=\"elementor-spacer\">\n\t\t\t<div class=\"elementor-spacer-inner\"><\/div>\n\t\t<\/div>\n\t\t\t\t\t\t<\/div>\n\t\t\t\t<\/div>\n\t\t\t\t<div class=\"elementor-element elementor-element-ebdcc50 elementor-widget elementor-widget-heading\" data-id=\"ebdcc50\" data-element_type=\"widget\" data-e-type=\"widget\" data-widget_type=\"heading.default\">\n\t\t\t\t<div class=\"elementor-widget-container\">\n\t\t\t\t\t<h2 class=\"elementor-heading-title elementor-size-default\">Une renaissance et un engagement inspirants<\/h2>\t\t\t\t<\/div>\n\t\t\t\t<\/div>\n\t\t\t\t<div class=\"elementor-element elementor-element-2e4ab3c elementor-widget elementor-widget-spacer\" data-id=\"2e4ab3c\" data-element_type=\"widget\" data-e-type=\"widget\" data-widget_type=\"spacer.default\">\n\t\t\t\t<div class=\"elementor-widget-container\">\n\t\t\t\t\t\t\t<div class=\"elementor-spacer\">\n\t\t\t<div class=\"elementor-spacer-inner\"><\/div>\n\t\t<\/div>\n\t\t\t\t\t\t<\/div>\n\t\t\t\t<\/div>\n\t\t\t\t<div class=\"elementor-element elementor-element-7d16597 elementor-widget elementor-widget-text-editor\" data-id=\"7d16597\" data-element_type=\"widget\" data-e-type=\"widget\" data-widget_type=\"text-editor.default\">\n\t\t\t\t<div class=\"elementor-widget-container\">\n\t\t\t\t\t\t\t\t\t<p>Dans la soci\u00e9t\u00e9 malgache, le handicap est malheureusement parfois assimil\u00e9 \u00e0 une mal\u00e9diction selon les croyances populaires. Ce qui expose des personnes comme Mira Corina \u00e0 la stigmatisation et \u00e0 la violence.<\/p><p>Afin d&rsquo;assurer la s\u00e9curit\u00e9 et promouvoir l&rsquo;inclusion des groupes les plus vuln\u00e9rables, notamment les enfants et les jeunes en situation de handicap, l\u2019association Fanarenana d\u00e9ploie depuis sa cr\u00e9ation en 2004, des initiatives visant \u00e0 les soutenir sur les plans \u00e9ducatif, sanitaire et social.<\/p><p>Avec le consentement de ses parents, l\u2019association a pris Mira Corina en charge, lui fournissant un environnement s\u00e9curis\u00e9 pour qu&rsquo;elle puisse suivre ses traitements m\u00e9dicaux en ville ainsi que sa r\u00e9\u00e9ducation, et entreprendre une formation professionnelle en restauration. Elle a par ailleurs suivi des cours de danse.<\/p><p>En l&rsquo;espace de deux ans, elle est pass\u00e9e d&rsquo;\u00e9tudiante \u00e0 membre \u00e0 part enti\u00e8re du corps enseignant de l&rsquo;\u00e9cole de danse, t\u00e9moignant ainsi d&rsquo;un \u00e9panouissement aussi bien sur le plan professionnel que personnel. \u00ab J\u2019ai \u00e9galement appris \u00e0 jouer du tambour et du djemb\u00e9, et je suis d\u00e9sormais monitrice pour des groupes de tout \u00e2ge dans notre \u00e9cole de danse, ainsi que dans des \u00e9coles primaires et des coll\u00e8ges o\u00f9 nous intervenons \u00bb, explique-t-elle. La jeune femme raconte aussi avec une \u00e9vidente satisfaction comment elle a organis\u00e9 le mariage de son fr\u00e8re a\u00een\u00e9. \u00ab J&rsquo;ai pris en charge la gestion de la salle, la d\u00e9coration, le dressage des tables et le service pour les 150 invit\u00e9s. C\u2019est ma plus grande fiert\u00e9. \u00bb<\/p><p>Mira Corina aspire \u00e0 utiliser ses exp\u00e9riences personnelles pour contribuer \u00e0 la promotion de la reconnaissance des aptitudes intellectuelles et physiques des personnes en situation de handicap. \u00ab J&rsquo;\u00e9prouve beaucoup de gratitude envers l\u2019Association Fanarenana qui m\u2019a permis de retrouver la vue et de me d\u00e9velopper. Tout un chacun, sans distinction, a le pouvoir d\u2019aider une personne en situation de handicap. Je voudrais dire aux jeunes : soyez pers\u00e9v\u00e9rants, car vous pouvez accomplir de grandes choses. \u00bb<\/p>\t\t\t\t\t\t\t\t<\/div>\n\t\t\t\t<\/div>\n\t\t\t\t<\/div>\n\t\t\t\t\t<\/div>\n\t\t\t\t<\/div>\n\t\t\t\t<div class=\"elementor-element elementor-element-bcc9510 elementor-widget elementor-widget-spacer\" data-id=\"bcc9510\" data-element_type=\"widget\" data-e-type=\"widget\" data-widget_type=\"spacer.default\">\n\t\t\t\t<div class=\"elementor-widget-container\">\n\t\t\t\t\t\t\t<div class=\"elementor-spacer\">\n\t\t\t<div class=\"elementor-spacer-inner\"><\/div>\n\t\t<\/div>\n\t\t\t\t\t\t<\/div>\n\t\t\t\t<\/div>\n\t\t\t\t\t<\/div>\n\t\t\t\t<\/div>\n\t\t<div class=\"elementor-element elementor-element-ec83578 e-flex e-con-boxed wpr-particle-no wpr-jarallax-no wpr-parallax-no wpr-sticky-section-no elementor-invisible e-con e-parent\" data-id=\"ec83578\" data-element_type=\"container\" data-e-type=\"container\" data-settings=\"{&quot;animation&quot;:&quot;swing&quot;}\">\n\t\t\t\t\t<div class=\"e-con-inner\">\n\t\t\t\t<div class=\"elementor-element elementor-element-9475d03 elementor-widget elementor-widget-spacer\" data-id=\"9475d03\" data-element_type=\"widget\" data-e-type=\"widget\" data-widget_type=\"spacer.default\">\n\t\t\t\t<div class=\"elementor-widget-container\">\n\t\t\t\t\t\t\t<div class=\"elementor-spacer\">\n\t\t\t<div class=\"elementor-spacer-inner\"><\/div>\n\t\t<\/div>\n\t\t\t\t\t\t<\/div>\n\t\t\t\t<\/div>\n\t\t<div class=\"elementor-element elementor-element-6e5f3c8 e-con-full e-flex wpr-particle-no wpr-jarallax-no wpr-parallax-no wpr-sticky-section-no e-con e-child\" data-id=\"6e5f3c8\" data-element_type=\"container\" data-e-type=\"container\">\n\t\t\t\t<div class=\"elementor-element elementor-element-c07be31 elementor-widget elementor-widget-image\" data-id=\"c07be31\" data-element_type=\"widget\" data-e-type=\"widget\" data-widget_type=\"image.default\">\n\t\t\t\t<div class=\"elementor-widget-container\">\n\t\t\t\t\t\t\t\t\t\t\t\t\t\t\t<img decoding=\"async\" width=\"1024\" height=\"819\" src=\"https:\/\/associationfanarenana.org\/wp-content\/uploads\/2024\/03\/corinne-ecole_avant-1024x819.jpg\" class=\"attachment-large size-large wp-image-4534\" alt=\"\" srcset=\"https:\/\/associationfanarenana.org\/wp-content\/uploads\/2024\/03\/corinne-ecole_avant-1024x819.jpg 1024w, https:\/\/associationfanarenana.org\/wp-content\/uploads\/2024\/03\/corinne-ecole_avant-300x240.jpg 300w, https:\/\/associationfanarenana.org\/wp-content\/uploads\/2024\/03\/corinne-ecole_avant-768x615.jpg 768w, https:\/\/associationfanarenana.org\/wp-content\/uploads\/2024\/03\/corinne-ecole_avant-1536x1229.jpg 1536w, https:\/\/associationfanarenana.org\/wp-content\/uploads\/2024\/03\/corinne-ecole_avant-2048x1639.jpg 2048w, https:\/\/associationfanarenana.org\/wp-content\/uploads\/2024\/03\/corinne-ecole_avant-200x160.jpg 200w\" sizes=\"(max-width: 1024px) 100vw, 1024px\" \/>\t\t\t\t\t\t\t\t\t\t\t\t\t\t\t<\/div>\n\t\t\t\t<\/div>\n\t\t\t\t<div class=\"elementor-element elementor-element-48b1de8 elementor-widget elementor-widget-text-editor\" data-id=\"48b1de8\" data-element_type=\"widget\" data-e-type=\"widget\" data-widget_type=\"text-editor.default\">\n\t\t\t\t<div class=\"elementor-widget-container\">\n\t\t\t\t\t\t\t\t\t<p>Mira \u00e0 l&rsquo;\u00e9cole avant<\/p>\t\t\t\t\t\t\t\t<\/div>\n\t\t\t\t<\/div>\n\t\t\t\t<\/div>\n\t\t\t\t<div class=\"elementor-element elementor-element-031b863 elementor-widget elementor-widget-spacer\" data-id=\"031b863\" data-element_type=\"widget\" data-e-type=\"widget\" data-widget_type=\"spacer.default\">\n\t\t\t\t<div class=\"elementor-widget-container\">\n\t\t\t\t\t\t\t<div class=\"elementor-spacer\">\n\t\t\t<div class=\"elementor-spacer-inner\"><\/div>\n\t\t<\/div>\n\t\t\t\t\t\t<\/div>\n\t\t\t\t<\/div>\n\t\t\t\t<div class=\"elementor-element elementor-element-3c7633e elementor-widget elementor-widget-spacer\" data-id=\"3c7633e\" data-element_type=\"widget\" data-e-type=\"widget\" data-widget_type=\"spacer.default\">\n\t\t\t\t<div class=\"elementor-widget-container\">\n\t\t\t\t\t\t\t<div class=\"elementor-spacer\">\n\t\t\t<div class=\"elementor-spacer-inner\"><\/div>\n\t\t<\/div>\n\t\t\t\t\t\t<\/div>\n\t\t\t\t<\/div>\n\t\t\t\t<div class=\"elementor-element elementor-element-785b796 elementor-view-default elementor-widget elementor-widget-icon\" data-id=\"785b796\" data-element_type=\"widget\" data-e-type=\"widget\" data-widget_type=\"icon.default\">\n\t\t\t\t<div class=\"elementor-widget-container\">\n\t\t\t\t\t\t\t<div class=\"elementor-icon-wrapper\">\n\t\t\t<div class=\"elementor-icon\">\n\t\t\t<i aria-hidden=\"true\" class=\"fas fa-arrow-alt-circle-right\"><\/i>\t\t\t<\/div>\n\t\t<\/div>\n\t\t\t\t\t\t<\/div>\n\t\t\t\t<\/div>\n\t\t\t\t<div class=\"elementor-element elementor-element-b842c98 elementor-widget elementor-widget-spacer\" data-id=\"b842c98\" data-element_type=\"widget\" data-e-type=\"widget\" data-widget_type=\"spacer.default\">\n\t\t\t\t<div class=\"elementor-widget-container\">\n\t\t\t\t\t\t\t<div class=\"elementor-spacer\">\n\t\t\t<div class=\"elementor-spacer-inner\"><\/div>\n\t\t<\/div>\n\t\t\t\t\t\t<\/div>\n\t\t\t\t<\/div>\n\t\t<div class=\"elementor-element elementor-element-b351a84 e-con-full e-flex wpr-particle-no wpr-jarallax-no wpr-parallax-no wpr-sticky-section-no e-con e-child\" data-id=\"b351a84\" data-element_type=\"container\" data-e-type=\"container\">\n\t\t\t\t<div class=\"elementor-element elementor-element-ef20abc elementor-widget elementor-widget-image\" data-id=\"ef20abc\" data-element_type=\"widget\" data-e-type=\"widget\" data-widget_type=\"image.default\">\n\t\t\t\t<div class=\"elementor-widget-container\">\n\t\t\t\t\t\t\t\t\t\t\t\t\t\t\t<img decoding=\"async\" width=\"768\" height=\"1024\" src=\"https:\/\/associationfanarenana.org\/wp-content\/uploads\/2024\/03\/Corina_apres_premiere_operation-2-768x1024.jpg\" class=\"attachment-large size-large wp-image-4532\" alt=\"\" srcset=\"https:\/\/associationfanarenana.org\/wp-content\/uploads\/2024\/03\/Corina_apres_premiere_operation-2-768x1024.jpg 768w, https:\/\/associationfanarenana.org\/wp-content\/uploads\/2024\/03\/Corina_apres_premiere_operation-2-225x300.jpg 225w, https:\/\/associationfanarenana.org\/wp-content\/uploads\/2024\/03\/Corina_apres_premiere_operation-2-1152x1536.jpg 1152w, https:\/\/associationfanarenana.org\/wp-content\/uploads\/2024\/03\/Corina_apres_premiere_operation-2-1536x2048.jpg 1536w, https:\/\/associationfanarenana.org\/wp-content\/uploads\/2024\/03\/Corina_apres_premiere_operation-2-200x267.jpg 200w, https:\/\/associationfanarenana.org\/wp-content\/uploads\/2024\/03\/Corina_apres_premiere_operation-2-scaled.jpg 1920w\" sizes=\"(max-width: 768px) 100vw, 768px\" \/>\t\t\t\t\t\t\t\t\t\t\t\t\t\t\t<\/div>\n\t\t\t\t<\/div>\n\t\t\t\t<div class=\"elementor-element elementor-element-758e7dd elementor-widget elementor-widget-text-editor\" data-id=\"758e7dd\" data-element_type=\"widget\" data-e-type=\"widget\" data-widget_type=\"text-editor.default\">\n\t\t\t\t<div class=\"elementor-widget-container\">\n\t\t\t\t\t\t\t\t\t<p>Mira apr\u00e8s sa premi\u00e8re op\u00e9ration<\/p>\t\t\t\t\t\t\t\t<\/div>\n\t\t\t\t<\/div>\n\t\t\t\t<\/div>\n\t\t\t\t<div class=\"elementor-element elementor-element-270a701 elementor-widget elementor-widget-spacer\" data-id=\"270a701\" data-element_type=\"widget\" data-e-type=\"widget\" data-widget_type=\"spacer.default\">\n\t\t\t\t<div class=\"elementor-widget-container\">\n\t\t\t\t\t\t\t<div class=\"elementor-spacer\">\n\t\t\t<div class=\"elementor-spacer-inner\"><\/div>\n\t\t<\/div>\n\t\t\t\t\t\t<\/div>\n\t\t\t\t<\/div>\n\t\t\t\t<div class=\"elementor-element elementor-element-c02b7b8 elementor-widget elementor-widget-spacer\" data-id=\"c02b7b8\" data-element_type=\"widget\" data-e-type=\"widget\" data-widget_type=\"spacer.default\">\n\t\t\t\t<div class=\"elementor-widget-container\">\n\t\t\t\t\t\t\t<div class=\"elementor-spacer\">\n\t\t\t<div class=\"elementor-spacer-inner\"><\/div>\n\t\t<\/div>\n\t\t\t\t\t\t<\/div>\n\t\t\t\t<\/div>\n\t\t\t\t<div class=\"elementor-element elementor-element-e89a453 elementor-view-default elementor-widget elementor-widget-icon\" data-id=\"e89a453\" data-element_type=\"widget\" data-e-type=\"widget\" data-widget_type=\"icon.default\">\n\t\t\t\t<div class=\"elementor-widget-container\">\n\t\t\t\t\t\t\t<div class=\"elementor-icon-wrapper\">\n\t\t\t<div class=\"elementor-icon\">\n\t\t\t<i aria-hidden=\"true\" class=\"fas fa-arrow-alt-circle-right\"><\/i>\t\t\t<\/div>\n\t\t<\/div>\n\t\t\t\t\t\t<\/div>\n\t\t\t\t<\/div>\n\t\t\t\t<div class=\"elementor-element elementor-element-6a6aec5 elementor-widget elementor-widget-spacer\" data-id=\"6a6aec5\" data-element_type=\"widget\" data-e-type=\"widget\" data-widget_type=\"spacer.default\">\n\t\t\t\t<div class=\"elementor-widget-container\">\n\t\t\t\t\t\t\t<div class=\"elementor-spacer\">\n\t\t\t<div class=\"elementor-spacer-inner\"><\/div>\n\t\t<\/div>\n\t\t\t\t\t\t<\/div>\n\t\t\t\t<\/div>\n\t\t<div class=\"elementor-element elementor-element-cd33ec2 e-con-full e-flex wpr-particle-no wpr-jarallax-no wpr-parallax-no wpr-sticky-section-no e-con e-child\" data-id=\"cd33ec2\" data-element_type=\"container\" data-e-type=\"container\">\n\t\t\t\t<div class=\"elementor-element elementor-element-57e35bb elementor-widget elementor-widget-image\" data-id=\"57e35bb\" data-element_type=\"widget\" data-e-type=\"widget\" data-widget_type=\"image.default\">\n\t\t\t\t<div class=\"elementor-widget-container\">\n\t\t\t\t\t\t\t\t\t\t\t\t\t\t\t<img fetchpriority=\"high\" decoding=\"async\" width=\"683\" height=\"1024\" src=\"https:\/\/associationfanarenana.org\/wp-content\/uploads\/2024\/02\/01-683x1024.jpg\" class=\"attachment-large size-large wp-image-1929\" alt=\"\" srcset=\"https:\/\/associationfanarenana.org\/wp-content\/uploads\/2024\/02\/01-683x1024.jpg 683w, https:\/\/associationfanarenana.org\/wp-content\/uploads\/2024\/02\/01-200x300.jpg 200w, https:\/\/associationfanarenana.org\/wp-content\/uploads\/2024\/02\/01-768x1151.jpg 768w, https:\/\/associationfanarenana.org\/wp-content\/uploads\/2024\/02\/01-1025x1536.jpg 1025w, https:\/\/associationfanarenana.org\/wp-content\/uploads\/2024\/02\/01.jpg 1049w\" sizes=\"(max-width: 683px) 100vw, 683px\" \/>\t\t\t\t\t\t\t\t\t\t\t\t\t\t\t<\/div>\n\t\t\t\t<\/div>\n\t\t\t\t<div class=\"elementor-element elementor-element-80f4fd3 elementor-widget elementor-widget-text-editor\" data-id=\"80f4fd3\" data-element_type=\"widget\" data-e-type=\"widget\" data-widget_type=\"text-editor.default\">\n\t\t\t\t<div class=\"elementor-widget-container\">\n\t\t\t\t\t\t\t\t\t<p>Mira bien portante aujourd&rsquo;hui<\/p>\t\t\t\t\t\t\t\t<\/div>\n\t\t\t\t<\/div>\n\t\t\t\t<\/div>\n\t\t\t\t\t<\/div>\n\t\t\t\t<\/div>\n\t\t\t\t<\/div>\n\t\t","protected":false},"excerpt":{"rendered":"<p>Mira Corina, aujourd\u2019hui \u00e2g\u00e9e de 21 ans, est n\u00e9e dans un village du district de Fenoarivo Atsinanana, situ\u00e9 sur la c\u00f4te est de Madagascar \u00e0 environ 100 km au nord de la ville de Toamasina. Son enfance fut marqu\u00e9e par les railleries et l&rsquo;exclusion en raison de son handicap visuel. \u00ab Dans mon village, j&rsquo;\u00e9tais [&hellip;]<\/p>\n","protected":false},"author":1,"featured_media":1929,"comment_status":"closed","ping_status":"closed","sticky":false,"template":"","format":"standard","meta":{"footnotes":""},"categories":[7],"tags":[],"class_list":["post-4530","post","type-post","status-publish","format-standard","has-post-thumbnail","hentry","category-nos-actualites"],"blocksy_meta":[],"yoast_head":"<!-- This site is optimized with the Yoast SEO plugin v22.2 - https:\/\/yoast.com\/wordpress\/plugins\/seo\/ -->\n<title>Le parcours de Mira: un chemin sem\u00e9 d&#039;emb\u00fbches - Association Fanarenana<\/title>\n<meta name=\"robots\" content=\"index, follow, max-snippet:-1, max-image-preview:large, max-video-preview:-1\" \/>\n<link rel=\"canonical\" href=\"https:\/\/associationfanarenana.org\/index.php\/2024\/03\/18\/le-parcours-de-mira-un-chemin-seme-dembuches\/\" \/>\n<meta property=\"og:locale\" content=\"fr_FR\" \/>\n<meta property=\"og:type\" content=\"article\" \/>\n<meta property=\"og:title\" content=\"Le parcours de Mira: un chemin sem\u00e9 d&#039;emb\u00fbches - Association Fanarenana\" \/>\n<meta property=\"og:description\" content=\"Mira Corina, aujourd\u2019hui \u00e2g\u00e9e de 21 ans, est n\u00e9e dans un village du district de Fenoarivo Atsinanana, situ\u00e9 sur la c\u00f4te est de Madagascar \u00e0 environ 100 km au nord de la ville de Toamasina. Son enfance fut marqu\u00e9e par les railleries et l&rsquo;exclusion en raison de son handicap visuel. \u00ab Dans mon village, j&rsquo;\u00e9tais [&hellip;]\" \/>\n<meta property=\"og:url\" content=\"https:\/\/associationfanarenana.org\/index.php\/2024\/03\/18\/le-parcours-de-mira-un-chemin-seme-dembuches\/\" \/>\n<meta property=\"og:site_name\" content=\"Association Fanarenana\" \/>\n<meta property=\"article:published_time\" content=\"2024-03-18T07:00:00+00:00\" \/>\n<meta property=\"article:modified_time\" content=\"2024-03-09T23:03:42+00:00\" \/>\n<meta property=\"og:image\" content=\"https:\/\/associationfanarenana.org\/wp-content\/uploads\/2024\/02\/01.jpg\" \/>\n\t<meta property=\"og:image:width\" content=\"1049\" \/>\n\t<meta property=\"og:image:height\" content=\"1572\" \/>\n\t<meta property=\"og:image:type\" content=\"image\/png\" \/>\n<meta name=\"author\" content=\"Tanapitiavana_Rakotozafy\" \/>\n<meta name=\"twitter:card\" content=\"summary_large_image\" \/>\n<meta name=\"twitter:label1\" content=\"\u00c9crit par\" \/>\n\t<meta name=\"twitter:data1\" content=\"Tanapitiavana_Rakotozafy\" \/>\n\t<meta name=\"twitter:label2\" content=\"Dur\u00e9e de lecture estim\u00e9e\" \/>\n\t<meta name=\"twitter:data2\" content=\"5 minutes\" \/>\n<script type=\"application\/ld+json\" class=\"yoast-schema-graph\">{\"@context\":\"https:\/\/schema.org\",\"@graph\":[{\"@type\":\"Article\",\"@id\":\"https:\/\/associationfanarenana.org\/index.php\/2024\/03\/18\/le-parcours-de-mira-un-chemin-seme-dembuches\/#article\",\"isPartOf\":{\"@id\":\"https:\/\/associationfanarenana.org\/index.php\/2024\/03\/18\/le-parcours-de-mira-un-chemin-seme-dembuches\/\"},\"author\":{\"name\":\"Tanapitiavana_Rakotozafy\",\"@id\":\"https:\/\/associationfanarenana.org\/#\/schema\/person\/0f13ff08d153e2a557e9f3a246dd111e\"},\"headline\":\"Le parcours de Mira: un chemin sem\u00e9 d&#8217;emb\u00fbches\",\"datePublished\":\"2024-03-18T07:00:00+00:00\",\"dateModified\":\"2024-03-09T23:03:42+00:00\",\"mainEntityOfPage\":{\"@id\":\"https:\/\/associationfanarenana.org\/index.php\/2024\/03\/18\/le-parcours-de-mira-un-chemin-seme-dembuches\/\"},\"wordCount\":834,\"publisher\":{\"@id\":\"https:\/\/associationfanarenana.org\/#organization\"},\"image\":{\"@id\":\"https:\/\/associationfanarenana.org\/index.php\/2024\/03\/18\/le-parcours-de-mira-un-chemin-seme-dembuches\/#primaryimage\"},\"thumbnailUrl\":\"https:\/\/associationfanarenana.org\/wp-content\/uploads\/2024\/02\/01.jpg\",\"articleSection\":[\"Nos actualit\u00e9s\"],\"inLanguage\":\"fr-FR\"},{\"@type\":\"WebPage\",\"@id\":\"https:\/\/associationfanarenana.org\/index.php\/2024\/03\/18\/le-parcours-de-mira-un-chemin-seme-dembuches\/\",\"url\":\"https:\/\/associationfanarenana.org\/index.php\/2024\/03\/18\/le-parcours-de-mira-un-chemin-seme-dembuches\/\",\"name\":\"Le parcours de Mira: un chemin sem\u00e9 d'emb\u00fbches - Association Fanarenana\",\"isPartOf\":{\"@id\":\"https:\/\/associationfanarenana.org\/#website\"},\"primaryImageOfPage\":{\"@id\":\"https:\/\/associationfanarenana.org\/index.php\/2024\/03\/18\/le-parcours-de-mira-un-chemin-seme-dembuches\/#primaryimage\"},\"image\":{\"@id\":\"https:\/\/associationfanarenana.org\/index.php\/2024\/03\/18\/le-parcours-de-mira-un-chemin-seme-dembuches\/#primaryimage\"},\"thumbnailUrl\":\"https:\/\/associationfanarenana.org\/wp-content\/uploads\/2024\/02\/01.jpg\",\"datePublished\":\"2024-03-18T07:00:00+00:00\",\"dateModified\":\"2024-03-09T23:03:42+00:00\",\"breadcrumb\":{\"@id\":\"https:\/\/associationfanarenana.org\/index.php\/2024\/03\/18\/le-parcours-de-mira-un-chemin-seme-dembuches\/#breadcrumb\"},\"inLanguage\":\"fr-FR\",\"potentialAction\":[{\"@type\":\"ReadAction\",\"target\":[\"https:\/\/associationfanarenana.org\/index.php\/2024\/03\/18\/le-parcours-de-mira-un-chemin-seme-dembuches\/\"]}]},{\"@type\":\"ImageObject\",\"inLanguage\":\"fr-FR\",\"@id\":\"https:\/\/associationfanarenana.org\/index.php\/2024\/03\/18\/le-parcours-de-mira-un-chemin-seme-dembuches\/#primaryimage\",\"url\":\"https:\/\/associationfanarenana.org\/wp-content\/uploads\/2024\/02\/01.jpg\",\"contentUrl\":\"https:\/\/associationfanarenana.org\/wp-content\/uploads\/2024\/02\/01.jpg\",\"width\":1049,\"height\":1572,\"caption\":\"Mira aujourd'hui toute souriante\"},{\"@type\":\"BreadcrumbList\",\"@id\":\"https:\/\/associationfanarenana.org\/index.php\/2024\/03\/18\/le-parcours-de-mira-un-chemin-seme-dembuches\/#breadcrumb\",\"itemListElement\":[{\"@type\":\"ListItem\",\"position\":1,\"name\":\"Accueil\",\"item\":\"https:\/\/associationfanarenana.org\/\"},{\"@type\":\"ListItem\",\"position\":2,\"name\":\"Le parcours de Mira: un chemin sem\u00e9 d&#8217;emb\u00fbches\"}]},{\"@type\":\"WebSite\",\"@id\":\"https:\/\/associationfanarenana.org\/#website\",\"url\":\"https:\/\/associationfanarenana.org\/\",\"name\":\"Association Fanarenana\",\"description\":\"Promouvoir la r\u00e9adaptation des enfants et jeunes en situation de handicap \u00e0 Madagasacar\",\"publisher\":{\"@id\":\"https:\/\/associationfanarenana.org\/#organization\"},\"potentialAction\":[{\"@type\":\"SearchAction\",\"target\":{\"@type\":\"EntryPoint\",\"urlTemplate\":\"https:\/\/associationfanarenana.org\/?s={search_term_string}\"},\"query-input\":\"required name=search_term_string\"}],\"inLanguage\":\"fr-FR\"},{\"@type\":\"Organization\",\"@id\":\"https:\/\/associationfanarenana.org\/#organization\",\"name\":\"Association Fanarenana\",\"url\":\"https:\/\/associationfanarenana.org\/\",\"logo\":{\"@type\":\"ImageObject\",\"inLanguage\":\"fr-FR\",\"@id\":\"https:\/\/associationfanarenana.org\/#\/schema\/logo\/image\/\",\"url\":\"https:\/\/associationfanarenana.org\/wp-content\/uploads\/2023\/12\/Logo_Fanarenana1.png\",\"contentUrl\":\"https:\/\/associationfanarenana.org\/wp-content\/uploads\/2023\/12\/Logo_Fanarenana1.png\",\"width\":488,\"height\":405,\"caption\":\"Association Fanarenana\"},\"image\":{\"@id\":\"https:\/\/associationfanarenana.org\/#\/schema\/logo\/image\/\"},\"sameAs\":[\"https:\/\/www.instagram.com\/association_fanarenana\/\"]},{\"@type\":\"Person\",\"@id\":\"https:\/\/associationfanarenana.org\/#\/schema\/person\/0f13ff08d153e2a557e9f3a246dd111e\",\"name\":\"Tanapitiavana_Rakotozafy\",\"image\":{\"@type\":\"ImageObject\",\"inLanguage\":\"fr-FR\",\"@id\":\"https:\/\/associationfanarenana.org\/#\/schema\/person\/image\/\",\"url\":\"https:\/\/secure.gravatar.com\/avatar\/635a046cfd49e113f1b369a809589996f44dcc2dd8d34714f8d4614f7cb9ff55?s=96&d=mm&r=g\",\"contentUrl\":\"https:\/\/secure.gravatar.com\/avatar\/635a046cfd49e113f1b369a809589996f44dcc2dd8d34714f8d4614f7cb9ff55?s=96&d=mm&r=g\",\"caption\":\"Tanapitiavana_Rakotozafy\"},\"sameAs\":[\"http:\/\/associationfanarenana.org\"],\"url\":\"https:\/\/associationfanarenana.org\/index.php\/author\/admin1378\/\"}]}<\/script>\n<!-- \/ Yoast SEO plugin. -->","yoast_head_json":{"title":"Le parcours de Mira: un chemin sem\u00e9 d'emb\u00fbches - Association Fanarenana","robots":{"index":"index","follow":"follow","max-snippet":"max-snippet:-1","max-image-preview":"max-image-preview:large","max-video-preview":"max-video-preview:-1"},"canonical":"https:\/\/associationfanarenana.org\/index.php\/2024\/03\/18\/le-parcours-de-mira-un-chemin-seme-dembuches\/","og_locale":"fr_FR","og_type":"article","og_title":"Le parcours de Mira: un chemin sem\u00e9 d'emb\u00fbches - Association Fanarenana","og_description":"Mira Corina, aujourd\u2019hui \u00e2g\u00e9e de 21 ans, est n\u00e9e dans un village du district de Fenoarivo Atsinanana, situ\u00e9 sur la c\u00f4te est de Madagascar \u00e0 environ 100 km au nord de la ville de Toamasina. Son enfance fut marqu\u00e9e par les railleries et l&rsquo;exclusion en raison de son handicap visuel. \u00ab Dans mon village, j&rsquo;\u00e9tais [&hellip;]","og_url":"https:\/\/associationfanarenana.org\/index.php\/2024\/03\/18\/le-parcours-de-mira-un-chemin-seme-dembuches\/","og_site_name":"Association Fanarenana","article_published_time":"2024-03-18T07:00:00+00:00","article_modified_time":"2024-03-09T23:03:42+00:00","og_image":[{"width":1049,"height":1572,"url":"https:\/\/associationfanarenana.org\/wp-content\/uploads\/2024\/02\/01.jpg","type":"image\/png"}],"author":"Tanapitiavana_Rakotozafy","twitter_card":"summary_large_image","twitter_misc":{"\u00c9crit par":"Tanapitiavana_Rakotozafy","Dur\u00e9e de lecture estim\u00e9e":"5 minutes"},"schema":{"@context":"https:\/\/schema.org","@graph":[{"@type":"Article","@id":"https:\/\/associationfanarenana.org\/index.php\/2024\/03\/18\/le-parcours-de-mira-un-chemin-seme-dembuches\/#article","isPartOf":{"@id":"https:\/\/associationfanarenana.org\/index.php\/2024\/03\/18\/le-parcours-de-mira-un-chemin-seme-dembuches\/"},"author":{"name":"Tanapitiavana_Rakotozafy","@id":"https:\/\/associationfanarenana.org\/#\/schema\/person\/0f13ff08d153e2a557e9f3a246dd111e"},"headline":"Le parcours de Mira: un chemin sem\u00e9 d&#8217;emb\u00fbches","datePublished":"2024-03-18T07:00:00+00:00","dateModified":"2024-03-09T23:03:42+00:00","mainEntityOfPage":{"@id":"https:\/\/associationfanarenana.org\/index.php\/2024\/03\/18\/le-parcours-de-mira-un-chemin-seme-dembuches\/"},"wordCount":834,"publisher":{"@id":"https:\/\/associationfanarenana.org\/#organization"},"image":{"@id":"https:\/\/associationfanarenana.org\/index.php\/2024\/03\/18\/le-parcours-de-mira-un-chemin-seme-dembuches\/#primaryimage"},"thumbnailUrl":"https:\/\/associationfanarenana.org\/wp-content\/uploads\/2024\/02\/01.jpg","articleSection":["Nos actualit\u00e9s"],"inLanguage":"fr-FR"},{"@type":"WebPage","@id":"https:\/\/associationfanarenana.org\/index.php\/2024\/03\/18\/le-parcours-de-mira-un-chemin-seme-dembuches\/","url":"https:\/\/associationfanarenana.org\/index.php\/2024\/03\/18\/le-parcours-de-mira-un-chemin-seme-dembuches\/","name":"Le parcours de Mira: un chemin sem\u00e9 d'emb\u00fbches - Association Fanarenana","isPartOf":{"@id":"https:\/\/associationfanarenana.org\/#website"},"primaryImageOfPage":{"@id":"https:\/\/associationfanarenana.org\/index.php\/2024\/03\/18\/le-parcours-de-mira-un-chemin-seme-dembuches\/#primaryimage"},"image":{"@id":"https:\/\/associationfanarenana.org\/index.php\/2024\/03\/18\/le-parcours-de-mira-un-chemin-seme-dembuches\/#primaryimage"},"thumbnailUrl":"https:\/\/associationfanarenana.org\/wp-content\/uploads\/2024\/02\/01.jpg","datePublished":"2024-03-18T07:00:00+00:00","dateModified":"2024-03-09T23:03:42+00:00","breadcrumb":{"@id":"https:\/\/associationfanarenana.org\/index.php\/2024\/03\/18\/le-parcours-de-mira-un-chemin-seme-dembuches\/#breadcrumb"},"inLanguage":"fr-FR","potentialAction":[{"@type":"ReadAction","target":["https:\/\/associationfanarenana.org\/index.php\/2024\/03\/18\/le-parcours-de-mira-un-chemin-seme-dembuches\/"]}]},{"@type":"ImageObject","inLanguage":"fr-FR","@id":"https:\/\/associationfanarenana.org\/index.php\/2024\/03\/18\/le-parcours-de-mira-un-chemin-seme-dembuches\/#primaryimage","url":"https:\/\/associationfanarenana.org\/wp-content\/uploads\/2024\/02\/01.jpg","contentUrl":"https:\/\/associationfanarenana.org\/wp-content\/uploads\/2024\/02\/01.jpg","width":1049,"height":1572,"caption":"Mira aujourd'hui toute souriante"},{"@type":"BreadcrumbList","@id":"https:\/\/associationfanarenana.org\/index.php\/2024\/03\/18\/le-parcours-de-mira-un-chemin-seme-dembuches\/#breadcrumb","itemListElement":[{"@type":"ListItem","position":1,"name":"Accueil","item":"https:\/\/associationfanarenana.org\/"},{"@type":"ListItem","position":2,"name":"Le parcours de Mira: un chemin sem\u00e9 d&#8217;emb\u00fbches"}]},{"@type":"WebSite","@id":"https:\/\/associationfanarenana.org\/#website","url":"https:\/\/associationfanarenana.org\/","name":"Association Fanarenana","description":"Promouvoir la r\u00e9adaptation des enfants et jeunes en situation de handicap \u00e0 Madagasacar","publisher":{"@id":"https:\/\/associationfanarenana.org\/#organization"},"potentialAction":[{"@type":"SearchAction","target":{"@type":"EntryPoint","urlTemplate":"https:\/\/associationfanarenana.org\/?s={search_term_string}"},"query-input":"required name=search_term_string"}],"inLanguage":"fr-FR"},{"@type":"Organization","@id":"https:\/\/associationfanarenana.org\/#organization","name":"Association Fanarenana","url":"https:\/\/associationfanarenana.org\/","logo":{"@type":"ImageObject","inLanguage":"fr-FR","@id":"https:\/\/associationfanarenana.org\/#\/schema\/logo\/image\/","url":"https:\/\/associationfanarenana.org\/wp-content\/uploads\/2023\/12\/Logo_Fanarenana1.png","contentUrl":"https:\/\/associationfanarenana.org\/wp-content\/uploads\/2023\/12\/Logo_Fanarenana1.png","width":488,"height":405,"caption":"Association Fanarenana"},"image":{"@id":"https:\/\/associationfanarenana.org\/#\/schema\/logo\/image\/"},"sameAs":["https:\/\/www.instagram.com\/association_fanarenana\/"]},{"@type":"Person","@id":"https:\/\/associationfanarenana.org\/#\/schema\/person\/0f13ff08d153e2a557e9f3a246dd111e","name":"Tanapitiavana_Rakotozafy","image":{"@type":"ImageObject","inLanguage":"fr-FR","@id":"https:\/\/associationfanarenana.org\/#\/schema\/person\/image\/","url":"https:\/\/secure.gravatar.com\/avatar\/635a046cfd49e113f1b369a809589996f44dcc2dd8d34714f8d4614f7cb9ff55?s=96&d=mm&r=g","contentUrl":"https:\/\/secure.gravatar.com\/avatar\/635a046cfd49e113f1b369a809589996f44dcc2dd8d34714f8d4614f7cb9ff55?s=96&d=mm&r=g","caption":"Tanapitiavana_Rakotozafy"},"sameAs":["http:\/\/associationfanarenana.org"],"url":"https:\/\/associationfanarenana.org\/index.php\/author\/admin1378\/"}]}},"_links":{"self":[{"href":"https:\/\/associationfanarenana.org\/index.php\/wp-json\/wp\/v2\/posts\/4530","targetHints":{"allow":["GET"]}}],"collection":[{"href":"https:\/\/associationfanarenana.org\/index.php\/wp-json\/wp\/v2\/posts"}],"about":[{"href":"https:\/\/associationfanarenana.org\/index.php\/wp-json\/wp\/v2\/types\/post"}],"author":[{"embeddable":true,"href":"https:\/\/associationfanarenana.org\/index.php\/wp-json\/wp\/v2\/users\/1"}],"replies":[{"embeddable":true,"href":"https:\/\/associationfanarenana.org\/index.php\/wp-json\/wp\/v2\/comments?post=4530"}],"version-history":[{"count":4,"href":"https:\/\/associationfanarenana.org\/index.php\/wp-json\/wp\/v2\/posts\/4530\/revisions"}],"predecessor-version":[{"id":4537,"href":"https:\/\/associationfanarenana.org\/index.php\/wp-json\/wp\/v2\/posts\/4530\/revisions\/4537"}],"wp:featuredmedia":[{"embeddable":true,"href":"https:\/\/associationfanarenana.org\/index.php\/wp-json\/wp\/v2\/media\/1929"}],"wp:attachment":[{"href":"https:\/\/associationfanarenana.org\/index.php\/wp-json\/wp\/v2\/media?parent=4530"}],"wp:term":[{"taxonomy":"category","embeddable":true,"href":"https:\/\/associationfanarenana.org\/index.php\/wp-json\/wp\/v2\/categories?post=4530"},{"taxonomy":"post_tag","embeddable":true,"href":"https:\/\/associationfanarenana.org\/index.php\/wp-json\/wp\/v2\/tags?post=4530"}],"curies":[{"name":"wp","href":"https:\/\/api.w.org\/{rel}","templated":true}]}}