{"id":4538,"date":"2024-03-11T08:00:00","date_gmt":"2024-03-11T07:00:00","guid":{"rendered":"https:\/\/associationfanarenana.org\/?p=4538"},"modified":"2024-03-10T00:25:02","modified_gmt":"2024-03-09T23:25:02","slug":"fanarenana-un-noel-memorable-pour-les-enfants-et-leurs-familles","status":"publish","type":"post","link":"https:\/\/associationfanarenana.org\/index.php\/2024\/03\/11\/fanarenana-un-noel-memorable-pour-les-enfants-et-leurs-familles\/","title":{"rendered":"Fanarenana: Un No\u00ebl m\u00e9morable pour les enfants et leurs familles"},"content":{"rendered":"\t\t<div data-elementor-type=\"wp-post\" data-elementor-id=\"4538\" class=\"elementor elementor-4538\">\n\t\t\t\t<div class=\"elementor-element elementor-element-792680e e-flex e-con-boxed wpr-particle-no wpr-jarallax-no wpr-parallax-no wpr-sticky-section-no e-con e-parent\" data-id=\"792680e\" data-element_type=\"container\" data-e-type=\"container\">\n\t\t\t\t\t<div class=\"e-con-inner\">\n\t\t<div class=\"elementor-element elementor-element-038ea9f e-con-full e-flex wpr-particle-no wpr-jarallax-no wpr-parallax-no wpr-sticky-section-no e-con e-child\" data-id=\"038ea9f\" data-element_type=\"container\" data-e-type=\"container\">\n\t\t\t\t<div class=\"elementor-element elementor-element-732607d elementor-widget elementor-widget-text-editor\" data-id=\"732607d\" data-element_type=\"widget\" data-e-type=\"widget\" data-widget_type=\"text-editor.default\">\n\t\t\t\t<div class=\"elementor-widget-container\">\n\t\t\t\t\t\t\t\t\t<p>Le samedi 23 d\u00e9cembre 2023, l\u2019association Fanarenana a organis\u00e9 une f\u00eate de No\u00ebl inoubliable pour les enfants et leurs parents. En partenariat avec l&rsquo;organisation Clowns Sans Fronti\u00e8res &#8211; France, l\u2019association a enchant\u00e9 un public de plus de 300 personnes, dont 98 enfants, avec une journ\u00e9e pleine de joie et de festivit\u00e9s, agr\u00e9ment\u00e9e de musique, de danses et de jeux vari\u00e9s.\u00a0 \u00a0 \u00a0 \u00a0 \u00a0 \u00a0 \u00a0 \u00a0 \u00a0 \u00a0 \u00a0 \u00a0 \u00a0 \u00a0 \u00a0 \u00a0 \u00a0 \u00a0 \u00a0 \u00a0 \u00a0 \u00a0 \u00a0 \u00a0 \u00a0<\/p><p>L&rsquo;\u00e9v\u00e9nement, qui s&rsquo;est d\u00e9roul\u00e9 \u00e0 l\u2019Oratorio-Don Bosco-Ampasanimalo \u00e0 Antananarivo, a \u00e9t\u00e9 marqu\u00e9 par un magnifique spectacle de th\u00e9\u00e2tre chant\u00e9, dirig\u00e9 par des artistes malgaches membres de Clowns Sans Fronti\u00e8res &#8211; France et mettant en lumi\u00e8re l&rsquo;importance de la protection de l&rsquo;environnement.<\/p>\t\t\t\t\t\t\t\t<\/div>\n\t\t\t\t<\/div>\n\t\t\t\t<div class=\"elementor-element elementor-element-18101a0 elementor-widget elementor-widget-image\" data-id=\"18101a0\" data-element_type=\"widget\" data-e-type=\"widget\" data-widget_type=\"image.default\">\n\t\t\t\t<div class=\"elementor-widget-container\">\n\t\t\t\t\t\t\t\t\t\t\t\t\t\t\t<img fetchpriority=\"high\" decoding=\"async\" width=\"1024\" height=\"768\" src=\"https:\/\/associationfanarenana.org\/wp-content\/uploads\/2024\/03\/WhatsApp-Image-2023-12-23-a-19.56.44_34233679-1024x768.jpg\" class=\"attachment-large size-large wp-image-4541\" alt=\"\" srcset=\"https:\/\/associationfanarenana.org\/wp-content\/uploads\/2024\/03\/WhatsApp-Image-2023-12-23-a-19.56.44_34233679-1024x768.jpg 1024w, https:\/\/associationfanarenana.org\/wp-content\/uploads\/2024\/03\/WhatsApp-Image-2023-12-23-a-19.56.44_34233679-300x225.jpg 300w, https:\/\/associationfanarenana.org\/wp-content\/uploads\/2024\/03\/WhatsApp-Image-2023-12-23-a-19.56.44_34233679-768x576.jpg 768w, https:\/\/associationfanarenana.org\/wp-content\/uploads\/2024\/03\/WhatsApp-Image-2023-12-23-a-19.56.44_34233679-1536x1152.jpg 1536w, https:\/\/associationfanarenana.org\/wp-content\/uploads\/2024\/03\/WhatsApp-Image-2023-12-23-a-19.56.44_34233679-200x150.jpg 200w, https:\/\/associationfanarenana.org\/wp-content\/uploads\/2024\/03\/WhatsApp-Image-2023-12-23-a-19.56.44_34233679.jpg 1600w\" sizes=\"(max-width: 1024px) 100vw, 1024px\" \/>\t\t\t\t\t\t\t\t\t\t\t\t\t\t\t<\/div>\n\t\t\t\t<\/div>\n\t\t\t\t<\/div>\n\t\t\t\t<div class=\"elementor-element elementor-element-2185644 elementor-widget elementor-widget-spacer\" data-id=\"2185644\" data-element_type=\"widget\" data-e-type=\"widget\" data-widget_type=\"spacer.default\">\n\t\t\t\t<div class=\"elementor-widget-container\">\n\t\t\t\t\t\t\t<div class=\"elementor-spacer\">\n\t\t\t<div class=\"elementor-spacer-inner\"><\/div>\n\t\t<\/div>\n\t\t\t\t\t\t<\/div>\n\t\t\t\t<\/div>\n\t\t<div class=\"elementor-element elementor-element-95c9c97 e-con-full e-flex wpr-particle-no wpr-jarallax-no wpr-parallax-no wpr-sticky-section-no e-con e-child\" data-id=\"95c9c97\" data-element_type=\"container\" data-e-type=\"container\">\n\t\t\t\t<div class=\"elementor-element elementor-element-654e266 elementor-widget elementor-widget-image\" data-id=\"654e266\" data-element_type=\"widget\" data-e-type=\"widget\" data-widget_type=\"image.default\">\n\t\t\t\t<div class=\"elementor-widget-container\">\n\t\t\t\t\t\t\t\t\t\t\t\t\t\t\t<img decoding=\"async\" width=\"1024\" height=\"768\" src=\"https:\/\/associationfanarenana.org\/wp-content\/uploads\/2024\/03\/IMG20231223102911-1024x768.jpg\" class=\"attachment-large size-large wp-image-4540\" alt=\"\" srcset=\"https:\/\/associationfanarenana.org\/wp-content\/uploads\/2024\/03\/IMG20231223102911-1024x768.jpg 1024w, https:\/\/associationfanarenana.org\/wp-content\/uploads\/2024\/03\/IMG20231223102911-300x225.jpg 300w, https:\/\/associationfanarenana.org\/wp-content\/uploads\/2024\/03\/IMG20231223102911-768x576.jpg 768w, https:\/\/associationfanarenana.org\/wp-content\/uploads\/2024\/03\/IMG20231223102911-1536x1152.jpg 1536w, https:\/\/associationfanarenana.org\/wp-content\/uploads\/2024\/03\/IMG20231223102911-2048x1536.jpg 2048w, https:\/\/associationfanarenana.org\/wp-content\/uploads\/2024\/03\/IMG20231223102911-200x150.jpg 200w\" sizes=\"(max-width: 1024px) 100vw, 1024px\" \/>\t\t\t\t\t\t\t\t\t\t\t\t\t\t\t<\/div>\n\t\t\t\t<\/div>\n\t\t\t\t<div class=\"elementor-element elementor-element-5602290 elementor-widget elementor-widget-text-editor\" data-id=\"5602290\" data-element_type=\"widget\" data-e-type=\"widget\" data-widget_type=\"text-editor.default\">\n\t\t\t\t<div class=\"elementor-widget-container\">\n\t\t\t\t\t\t\t\t\t<p>Ainsi, \u00e0 travers des performances artistiques engageantes, les enfants ont \u00e9t\u00e9 sensibilis\u00e9s de mani\u00e8re ludique \u00e0 l&rsquo;urgence de prot\u00e9ger la nature \u00e0 Madagascar.\u00a0 \u00a0 \u00a0 \u00a0 \u00a0 \u00a0 \u00a0 \u00a0 \u00a0 \u00a0 \u00a0 \u00a0 \u00a0 \u00a0 \u00a0 \u00a0 \u00a0 \u00a0 \u00a0 \u00a0 \u00a0 \u00a0 \u00a0 \u00a0 \u00a0<\/p><p>Edith Ramamonjisoa, responsable ex\u00e9cutive de l\u2019association Fanarenana, souligne l&rsquo;impact positif de cette initiative sur les jeunes pr\u00e9sents. Pour elle, cette journ\u00e9e leur a offert bien plus qu&rsquo;un simple divertissement. Elle a constitu\u00e9 une v\u00e9ritable opportunit\u00e9 d\u2019\u00e9ducation et un moyen\u00a0 de les informer sur la n\u00e9cessit\u00e9 de pr\u00e9server l&rsquo;environnement tout en s&rsquo;amusant.<\/p><p>A l\u2019issue de la journ\u00e9e, chaque enfant est reparti avec un petit pr\u00e9sent et des friandises.<\/p>\t\t\t\t\t\t\t\t<\/div>\n\t\t\t\t<\/div>\n\t\t\t\t<\/div>\n\t\t\t\t\t<\/div>\n\t\t\t\t<\/div>\n\t\t\t\t<\/div>\n\t\t","protected":false},"excerpt":{"rendered":"<p>Le samedi 23 d\u00e9cembre 2023, l\u2019association Fanarenana a organis\u00e9 une f\u00eate de No\u00ebl inoubliable pour les enfants et leurs parents. En partenariat avec l&rsquo;organisation Clowns Sans Fronti\u00e8res &#8211; France, l\u2019association a enchant\u00e9 un public de plus de 300 personnes, dont 98 enfants, avec une journ\u00e9e pleine de joie et de festivit\u00e9s, agr\u00e9ment\u00e9e de musique, de [&hellip;]<\/p>\n","protected":false},"author":1,"featured_media":1828,"comment_status":"closed","ping_status":"closed","sticky":false,"template":"","format":"standard","meta":{"footnotes":""},"categories":[7],"tags":[],"class_list":["post-4538","post","type-post","status-publish","format-standard","has-post-thumbnail","hentry","category-nos-actualites"],"blocksy_meta":[],"yoast_head":"<!-- This site is optimized with the Yoast SEO plugin v22.2 - https:\/\/yoast.com\/wordpress\/plugins\/seo\/ -->\n<title>Fanarenana: Un No\u00ebl m\u00e9morable pour les enfants et leurs familles - Association Fanarenana<\/title>\n<meta name=\"robots\" content=\"index, follow, max-snippet:-1, max-image-preview:large, max-video-preview:-1\" \/>\n<link rel=\"canonical\" href=\"https:\/\/associationfanarenana.org\/index.php\/2024\/03\/11\/fanarenana-un-noel-memorable-pour-les-enfants-et-leurs-familles\/\" \/>\n<meta property=\"og:locale\" content=\"fr_FR\" \/>\n<meta property=\"og:type\" content=\"article\" \/>\n<meta property=\"og:title\" content=\"Fanarenana: Un No\u00ebl m\u00e9morable pour les enfants et leurs familles - Association Fanarenana\" \/>\n<meta property=\"og:description\" content=\"Le samedi 23 d\u00e9cembre 2023, l\u2019association Fanarenana a organis\u00e9 une f\u00eate de No\u00ebl inoubliable pour les enfants et leurs parents. En partenariat avec l&rsquo;organisation Clowns Sans Fronti\u00e8res &#8211; France, l\u2019association a enchant\u00e9 un public de plus de 300 personnes, dont 98 enfants, avec une journ\u00e9e pleine de joie et de festivit\u00e9s, agr\u00e9ment\u00e9e de musique, de [&hellip;]\" \/>\n<meta property=\"og:url\" content=\"https:\/\/associationfanarenana.org\/index.php\/2024\/03\/11\/fanarenana-un-noel-memorable-pour-les-enfants-et-leurs-familles\/\" \/>\n<meta property=\"og:site_name\" content=\"Association Fanarenana\" \/>\n<meta property=\"article:published_time\" content=\"2024-03-11T07:00:00+00:00\" \/>\n<meta property=\"article:modified_time\" content=\"2024-03-09T23:25:02+00:00\" \/>\n<meta property=\"og:image\" content=\"https:\/\/associationfanarenana.org\/wp-content\/uploads\/2024\/02\/noel-scaled.jpg\" \/>\n\t<meta property=\"og:image:width\" content=\"2560\" \/>\n\t<meta property=\"og:image:height\" content=\"1920\" \/>\n\t<meta property=\"og:image:type\" content=\"image\/jpeg\" \/>\n<meta name=\"author\" content=\"Tanapitiavana_Rakotozafy\" \/>\n<meta name=\"twitter:card\" content=\"summary_large_image\" \/>\n<meta name=\"twitter:label1\" content=\"\u00c9crit par\" \/>\n\t<meta name=\"twitter:data1\" content=\"Tanapitiavana_Rakotozafy\" \/>\n\t<meta name=\"twitter:label2\" content=\"Dur\u00e9e de lecture estim\u00e9e\" \/>\n\t<meta name=\"twitter:data2\" content=\"2 minutes\" \/>\n<script type=\"application\/ld+json\" class=\"yoast-schema-graph\">{\"@context\":\"https:\/\/schema.org\",\"@graph\":[{\"@type\":\"Article\",\"@id\":\"https:\/\/associationfanarenana.org\/index.php\/2024\/03\/11\/fanarenana-un-noel-memorable-pour-les-enfants-et-leurs-familles\/#article\",\"isPartOf\":{\"@id\":\"https:\/\/associationfanarenana.org\/index.php\/2024\/03\/11\/fanarenana-un-noel-memorable-pour-les-enfants-et-leurs-familles\/\"},\"author\":{\"name\":\"Tanapitiavana_Rakotozafy\",\"@id\":\"https:\/\/associationfanarenana.org\/#\/schema\/person\/0f13ff08d153e2a557e9f3a246dd111e\"},\"headline\":\"Fanarenana: Un No\u00ebl m\u00e9morable pour les enfants et leurs familles\",\"datePublished\":\"2024-03-11T07:00:00+00:00\",\"dateModified\":\"2024-03-09T23:25:02+00:00\",\"mainEntityOfPage\":{\"@id\":\"https:\/\/associationfanarenana.org\/index.php\/2024\/03\/11\/fanarenana-un-noel-memorable-pour-les-enfants-et-leurs-familles\/\"},\"wordCount\":226,\"publisher\":{\"@id\":\"https:\/\/associationfanarenana.org\/#organization\"},\"image\":{\"@id\":\"https:\/\/associationfanarenana.org\/index.php\/2024\/03\/11\/fanarenana-un-noel-memorable-pour-les-enfants-et-leurs-familles\/#primaryimage\"},\"thumbnailUrl\":\"https:\/\/associationfanarenana.org\/wp-content\/uploads\/2024\/02\/noel-scaled.jpg\",\"articleSection\":[\"Nos actualit\u00e9s\"],\"inLanguage\":\"fr-FR\"},{\"@type\":\"WebPage\",\"@id\":\"https:\/\/associationfanarenana.org\/index.php\/2024\/03\/11\/fanarenana-un-noel-memorable-pour-les-enfants-et-leurs-familles\/\",\"url\":\"https:\/\/associationfanarenana.org\/index.php\/2024\/03\/11\/fanarenana-un-noel-memorable-pour-les-enfants-et-leurs-familles\/\",\"name\":\"Fanarenana: Un No\u00ebl m\u00e9morable pour les enfants et leurs familles - Association Fanarenana\",\"isPartOf\":{\"@id\":\"https:\/\/associationfanarenana.org\/#website\"},\"primaryImageOfPage\":{\"@id\":\"https:\/\/associationfanarenana.org\/index.php\/2024\/03\/11\/fanarenana-un-noel-memorable-pour-les-enfants-et-leurs-familles\/#primaryimage\"},\"image\":{\"@id\":\"https:\/\/associationfanarenana.org\/index.php\/2024\/03\/11\/fanarenana-un-noel-memorable-pour-les-enfants-et-leurs-familles\/#primaryimage\"},\"thumbnailUrl\":\"https:\/\/associationfanarenana.org\/wp-content\/uploads\/2024\/02\/noel-scaled.jpg\",\"datePublished\":\"2024-03-11T07:00:00+00:00\",\"dateModified\":\"2024-03-09T23:25:02+00:00\",\"breadcrumb\":{\"@id\":\"https:\/\/associationfanarenana.org\/index.php\/2024\/03\/11\/fanarenana-un-noel-memorable-pour-les-enfants-et-leurs-familles\/#breadcrumb\"},\"inLanguage\":\"fr-FR\",\"potentialAction\":[{\"@type\":\"ReadAction\",\"target\":[\"https:\/\/associationfanarenana.org\/index.php\/2024\/03\/11\/fanarenana-un-noel-memorable-pour-les-enfants-et-leurs-familles\/\"]}]},{\"@type\":\"ImageObject\",\"inLanguage\":\"fr-FR\",\"@id\":\"https:\/\/associationfanarenana.org\/index.php\/2024\/03\/11\/fanarenana-un-noel-memorable-pour-les-enfants-et-leurs-familles\/#primaryimage\",\"url\":\"https:\/\/associationfanarenana.org\/wp-content\/uploads\/2024\/02\/noel-scaled.jpg\",\"contentUrl\":\"https:\/\/associationfanarenana.org\/wp-content\/uploads\/2024\/02\/noel-scaled.jpg\",\"width\":2560,\"height\":1920},{\"@type\":\"BreadcrumbList\",\"@id\":\"https:\/\/associationfanarenana.org\/index.php\/2024\/03\/11\/fanarenana-un-noel-memorable-pour-les-enfants-et-leurs-familles\/#breadcrumb\",\"itemListElement\":[{\"@type\":\"ListItem\",\"position\":1,\"name\":\"Accueil\",\"item\":\"https:\/\/associationfanarenana.org\/\"},{\"@type\":\"ListItem\",\"position\":2,\"name\":\"Fanarenana: Un No\u00ebl m\u00e9morable pour les enfants et leurs familles\"}]},{\"@type\":\"WebSite\",\"@id\":\"https:\/\/associationfanarenana.org\/#website\",\"url\":\"https:\/\/associationfanarenana.org\/\",\"name\":\"Association Fanarenana\",\"description\":\"Promouvoir la r\u00e9adaptation des enfants et jeunes en situation de handicap \u00e0 Madagasacar\",\"publisher\":{\"@id\":\"https:\/\/associationfanarenana.org\/#organization\"},\"potentialAction\":[{\"@type\":\"SearchAction\",\"target\":{\"@type\":\"EntryPoint\",\"urlTemplate\":\"https:\/\/associationfanarenana.org\/?s={search_term_string}\"},\"query-input\":\"required name=search_term_string\"}],\"inLanguage\":\"fr-FR\"},{\"@type\":\"Organization\",\"@id\":\"https:\/\/associationfanarenana.org\/#organization\",\"name\":\"Association Fanarenana\",\"url\":\"https:\/\/associationfanarenana.org\/\",\"logo\":{\"@type\":\"ImageObject\",\"inLanguage\":\"fr-FR\",\"@id\":\"https:\/\/associationfanarenana.org\/#\/schema\/logo\/image\/\",\"url\":\"https:\/\/associationfanarenana.org\/wp-content\/uploads\/2023\/12\/Logo_Fanarenana1.png\",\"contentUrl\":\"https:\/\/associationfanarenana.org\/wp-content\/uploads\/2023\/12\/Logo_Fanarenana1.png\",\"width\":488,\"height\":405,\"caption\":\"Association Fanarenana\"},\"image\":{\"@id\":\"https:\/\/associationfanarenana.org\/#\/schema\/logo\/image\/\"},\"sameAs\":[\"https:\/\/www.instagram.com\/association_fanarenana\/\"]},{\"@type\":\"Person\",\"@id\":\"https:\/\/associationfanarenana.org\/#\/schema\/person\/0f13ff08d153e2a557e9f3a246dd111e\",\"name\":\"Tanapitiavana_Rakotozafy\",\"image\":{\"@type\":\"ImageObject\",\"inLanguage\":\"fr-FR\",\"@id\":\"https:\/\/associationfanarenana.org\/#\/schema\/person\/image\/\",\"url\":\"https:\/\/secure.gravatar.com\/avatar\/635a046cfd49e113f1b369a809589996f44dcc2dd8d34714f8d4614f7cb9ff55?s=96&d=mm&r=g\",\"contentUrl\":\"https:\/\/secure.gravatar.com\/avatar\/635a046cfd49e113f1b369a809589996f44dcc2dd8d34714f8d4614f7cb9ff55?s=96&d=mm&r=g\",\"caption\":\"Tanapitiavana_Rakotozafy\"},\"sameAs\":[\"http:\/\/associationfanarenana.org\"],\"url\":\"https:\/\/associationfanarenana.org\/index.php\/author\/admin1378\/\"}]}<\/script>\n<!-- \/ Yoast SEO plugin. -->","yoast_head_json":{"title":"Fanarenana: Un No\u00ebl m\u00e9morable pour les enfants et leurs familles - Association Fanarenana","robots":{"index":"index","follow":"follow","max-snippet":"max-snippet:-1","max-image-preview":"max-image-preview:large","max-video-preview":"max-video-preview:-1"},"canonical":"https:\/\/associationfanarenana.org\/index.php\/2024\/03\/11\/fanarenana-un-noel-memorable-pour-les-enfants-et-leurs-familles\/","og_locale":"fr_FR","og_type":"article","og_title":"Fanarenana: Un No\u00ebl m\u00e9morable pour les enfants et leurs familles - Association Fanarenana","og_description":"Le samedi 23 d\u00e9cembre 2023, l\u2019association Fanarenana a organis\u00e9 une f\u00eate de No\u00ebl inoubliable pour les enfants et leurs parents. En partenariat avec l&rsquo;organisation Clowns Sans Fronti\u00e8res &#8211; France, l\u2019association a enchant\u00e9 un public de plus de 300 personnes, dont 98 enfants, avec une journ\u00e9e pleine de joie et de festivit\u00e9s, agr\u00e9ment\u00e9e de musique, de [&hellip;]","og_url":"https:\/\/associationfanarenana.org\/index.php\/2024\/03\/11\/fanarenana-un-noel-memorable-pour-les-enfants-et-leurs-familles\/","og_site_name":"Association Fanarenana","article_published_time":"2024-03-11T07:00:00+00:00","article_modified_time":"2024-03-09T23:25:02+00:00","og_image":[{"width":2560,"height":1920,"url":"https:\/\/associationfanarenana.org\/wp-content\/uploads\/2024\/02\/noel-scaled.jpg","type":"image\/jpeg"}],"author":"Tanapitiavana_Rakotozafy","twitter_card":"summary_large_image","twitter_misc":{"\u00c9crit par":"Tanapitiavana_Rakotozafy","Dur\u00e9e de lecture estim\u00e9e":"2 minutes"},"schema":{"@context":"https:\/\/schema.org","@graph":[{"@type":"Article","@id":"https:\/\/associationfanarenana.org\/index.php\/2024\/03\/11\/fanarenana-un-noel-memorable-pour-les-enfants-et-leurs-familles\/#article","isPartOf":{"@id":"https:\/\/associationfanarenana.org\/index.php\/2024\/03\/11\/fanarenana-un-noel-memorable-pour-les-enfants-et-leurs-familles\/"},"author":{"name":"Tanapitiavana_Rakotozafy","@id":"https:\/\/associationfanarenana.org\/#\/schema\/person\/0f13ff08d153e2a557e9f3a246dd111e"},"headline":"Fanarenana: Un No\u00ebl m\u00e9morable pour les enfants et leurs familles","datePublished":"2024-03-11T07:00:00+00:00","dateModified":"2024-03-09T23:25:02+00:00","mainEntityOfPage":{"@id":"https:\/\/associationfanarenana.org\/index.php\/2024\/03\/11\/fanarenana-un-noel-memorable-pour-les-enfants-et-leurs-familles\/"},"wordCount":226,"publisher":{"@id":"https:\/\/associationfanarenana.org\/#organization"},"image":{"@id":"https:\/\/associationfanarenana.org\/index.php\/2024\/03\/11\/fanarenana-un-noel-memorable-pour-les-enfants-et-leurs-familles\/#primaryimage"},"thumbnailUrl":"https:\/\/associationfanarenana.org\/wp-content\/uploads\/2024\/02\/noel-scaled.jpg","articleSection":["Nos actualit\u00e9s"],"inLanguage":"fr-FR"},{"@type":"WebPage","@id":"https:\/\/associationfanarenana.org\/index.php\/2024\/03\/11\/fanarenana-un-noel-memorable-pour-les-enfants-et-leurs-familles\/","url":"https:\/\/associationfanarenana.org\/index.php\/2024\/03\/11\/fanarenana-un-noel-memorable-pour-les-enfants-et-leurs-familles\/","name":"Fanarenana: Un No\u00ebl m\u00e9morable pour les enfants et leurs familles - Association Fanarenana","isPartOf":{"@id":"https:\/\/associationfanarenana.org\/#website"},"primaryImageOfPage":{"@id":"https:\/\/associationfanarenana.org\/index.php\/2024\/03\/11\/fanarenana-un-noel-memorable-pour-les-enfants-et-leurs-familles\/#primaryimage"},"image":{"@id":"https:\/\/associationfanarenana.org\/index.php\/2024\/03\/11\/fanarenana-un-noel-memorable-pour-les-enfants-et-leurs-familles\/#primaryimage"},"thumbnailUrl":"https:\/\/associationfanarenana.org\/wp-content\/uploads\/2024\/02\/noel-scaled.jpg","datePublished":"2024-03-11T07:00:00+00:00","dateModified":"2024-03-09T23:25:02+00:00","breadcrumb":{"@id":"https:\/\/associationfanarenana.org\/index.php\/2024\/03\/11\/fanarenana-un-noel-memorable-pour-les-enfants-et-leurs-familles\/#breadcrumb"},"inLanguage":"fr-FR","potentialAction":[{"@type":"ReadAction","target":["https:\/\/associationfanarenana.org\/index.php\/2024\/03\/11\/fanarenana-un-noel-memorable-pour-les-enfants-et-leurs-familles\/"]}]},{"@type":"ImageObject","inLanguage":"fr-FR","@id":"https:\/\/associationfanarenana.org\/index.php\/2024\/03\/11\/fanarenana-un-noel-memorable-pour-les-enfants-et-leurs-familles\/#primaryimage","url":"https:\/\/associationfanarenana.org\/wp-content\/uploads\/2024\/02\/noel-scaled.jpg","contentUrl":"https:\/\/associationfanarenana.org\/wp-content\/uploads\/2024\/02\/noel-scaled.jpg","width":2560,"height":1920},{"@type":"BreadcrumbList","@id":"https:\/\/associationfanarenana.org\/index.php\/2024\/03\/11\/fanarenana-un-noel-memorable-pour-les-enfants-et-leurs-familles\/#breadcrumb","itemListElement":[{"@type":"ListItem","position":1,"name":"Accueil","item":"https:\/\/associationfanarenana.org\/"},{"@type":"ListItem","position":2,"name":"Fanarenana: Un No\u00ebl m\u00e9morable pour les enfants et leurs familles"}]},{"@type":"WebSite","@id":"https:\/\/associationfanarenana.org\/#website","url":"https:\/\/associationfanarenana.org\/","name":"Association Fanarenana","description":"Promouvoir la r\u00e9adaptation des enfants et jeunes en situation de handicap \u00e0 Madagasacar","publisher":{"@id":"https:\/\/associationfanarenana.org\/#organization"},"potentialAction":[{"@type":"SearchAction","target":{"@type":"EntryPoint","urlTemplate":"https:\/\/associationfanarenana.org\/?s={search_term_string}"},"query-input":"required name=search_term_string"}],"inLanguage":"fr-FR"},{"@type":"Organization","@id":"https:\/\/associationfanarenana.org\/#organization","name":"Association Fanarenana","url":"https:\/\/associationfanarenana.org\/","logo":{"@type":"ImageObject","inLanguage":"fr-FR","@id":"https:\/\/associationfanarenana.org\/#\/schema\/logo\/image\/","url":"https:\/\/associationfanarenana.org\/wp-content\/uploads\/2023\/12\/Logo_Fanarenana1.png","contentUrl":"https:\/\/associationfanarenana.org\/wp-content\/uploads\/2023\/12\/Logo_Fanarenana1.png","width":488,"height":405,"caption":"Association Fanarenana"},"image":{"@id":"https:\/\/associationfanarenana.org\/#\/schema\/logo\/image\/"},"sameAs":["https:\/\/www.instagram.com\/association_fanarenana\/"]},{"@type":"Person","@id":"https:\/\/associationfanarenana.org\/#\/schema\/person\/0f13ff08d153e2a557e9f3a246dd111e","name":"Tanapitiavana_Rakotozafy","image":{"@type":"ImageObject","inLanguage":"fr-FR","@id":"https:\/\/associationfanarenana.org\/#\/schema\/person\/image\/","url":"https:\/\/secure.gravatar.com\/avatar\/635a046cfd49e113f1b369a809589996f44dcc2dd8d34714f8d4614f7cb9ff55?s=96&d=mm&r=g","contentUrl":"https:\/\/secure.gravatar.com\/avatar\/635a046cfd49e113f1b369a809589996f44dcc2dd8d34714f8d4614f7cb9ff55?s=96&d=mm&r=g","caption":"Tanapitiavana_Rakotozafy"},"sameAs":["http:\/\/associationfanarenana.org"],"url":"https:\/\/associationfanarenana.org\/index.php\/author\/admin1378\/"}]}},"_links":{"self":[{"href":"https:\/\/associationfanarenana.org\/index.php\/wp-json\/wp\/v2\/posts\/4538","targetHints":{"allow":["GET"]}}],"collection":[{"href":"https:\/\/associationfanarenana.org\/index.php\/wp-json\/wp\/v2\/posts"}],"about":[{"href":"https:\/\/associationfanarenana.org\/index.php\/wp-json\/wp\/v2\/types\/post"}],"author":[{"embeddable":true,"href":"https:\/\/associationfanarenana.org\/index.php\/wp-json\/wp\/v2\/users\/1"}],"replies":[{"embeddable":true,"href":"https:\/\/associationfanarenana.org\/index.php\/wp-json\/wp\/v2\/comments?post=4538"}],"version-history":[{"count":4,"href":"https:\/\/associationfanarenana.org\/index.php\/wp-json\/wp\/v2\/posts\/4538\/revisions"}],"predecessor-version":[{"id":4544,"href":"https:\/\/associationfanarenana.org\/index.php\/wp-json\/wp\/v2\/posts\/4538\/revisions\/4544"}],"wp:featuredmedia":[{"embeddable":true,"href":"https:\/\/associationfanarenana.org\/index.php\/wp-json\/wp\/v2\/media\/1828"}],"wp:attachment":[{"href":"https:\/\/associationfanarenana.org\/index.php\/wp-json\/wp\/v2\/media?parent=4538"}],"wp:term":[{"taxonomy":"category","embeddable":true,"href":"https:\/\/associationfanarenana.org\/index.php\/wp-json\/wp\/v2\/categories?post=4538"},{"taxonomy":"post_tag","embeddable":true,"href":"https:\/\/associationfanarenana.org\/index.php\/wp-json\/wp\/v2\/tags?post=4538"}],"curies":[{"name":"wp","href":"https:\/\/api.w.org\/{rel}","templated":true}]}}