{"id":5138,"date":"2024-03-25T08:00:00","date_gmt":"2024-03-25T07:00:00","guid":{"rendered":"https:\/\/associationfanarenana.org\/?p=5138"},"modified":"2024-03-17T21:40:12","modified_gmt":"2024-03-17T20:40:12","slug":"lassociation-fanarenana-devoile-ses-plans-pour-lannee-2024","status":"publish","type":"post","link":"https:\/\/associationfanarenana.org\/index.php\/2024\/03\/25\/lassociation-fanarenana-devoile-ses-plans-pour-lannee-2024\/","title":{"rendered":"L\u2019association Fanarenana d\u00e9voile ses plans pour l&rsquo;ann\u00e9e 2024"},"content":{"rendered":"\t\t<div data-elementor-type=\"wp-post\" data-elementor-id=\"5138\" class=\"elementor elementor-5138\">\n\t\t\t\t<div class=\"elementor-element elementor-element-546fba7 e-flex e-con-boxed wpr-particle-no wpr-jarallax-no wpr-parallax-no wpr-sticky-section-no e-con e-parent\" data-id=\"546fba7\" data-element_type=\"container\" data-e-type=\"container\">\n\t\t\t\t\t<div class=\"e-con-inner\">\n\t\t<div class=\"elementor-element elementor-element-0b15d72 e-con-full e-flex wpr-particle-no wpr-jarallax-no wpr-parallax-no wpr-sticky-section-no e-con e-child\" data-id=\"0b15d72\" data-element_type=\"container\" data-e-type=\"container\">\n\t\t\t\t<div class=\"elementor-element elementor-element-e903fea elementor-widget elementor-widget-spacer\" data-id=\"e903fea\" data-element_type=\"widget\" data-e-type=\"widget\" data-widget_type=\"spacer.default\">\n\t\t\t\t<div class=\"elementor-widget-container\">\n\t\t\t\t\t\t\t<div class=\"elementor-spacer\">\n\t\t\t<div class=\"elementor-spacer-inner\"><\/div>\n\t\t<\/div>\n\t\t\t\t\t\t<\/div>\n\t\t\t\t<\/div>\n\t\t\t\t<div class=\"elementor-element elementor-element-661e77a elementor-widget elementor-widget-text-editor\" data-id=\"661e77a\" data-element_type=\"widget\" data-e-type=\"widget\" data-widget_type=\"text-editor.default\">\n\t\t\t\t<div class=\"elementor-widget-container\">\n\t\t\t\t\t\t\t\t\t<p><em>Cette ann\u00e9e marque deux d\u00e9cennies d&rsquo;engagement in\u00e9branlable de Fanarenana sur le sol malgache. Ces ann\u00e9es \u00e9coul\u00e9es ont \u00e9t\u00e9 ponctu\u00e9es de d\u00e9fis, mais nous avons travaill\u00e9 sans rel\u00e2che et nous nous engageons \u00e0 poursuivre notre mission pour de nombreuses ann\u00e9es encore. Nous avons \u00e9t\u00e9 t\u00e9moins d&rsquo;am\u00e9liorations significatives dans la vie de nombreuses personnes que nous avons soutenues, que ce soit sur le plan m\u00e9dical, \u00e9ducatif ou social. \u00c0 l&rsquo;aube de cette nouvelle phase de notre association, nous souhaitons partager avec vous, \u00e0 travers ces cinq questions, notre vision, notre analyse de la situation des personnes en situation de handicap dans le pays, ainsi que nos perspectives pour cette ann\u00e9e \u00e0 venir.<\/em><\/p>\t\t\t\t\t\t\t\t<\/div>\n\t\t\t\t<\/div>\n\t\t\t\t<div class=\"elementor-element elementor-element-dccf94d elementor-widget elementor-widget-text-editor\" data-id=\"dccf94d\" data-element_type=\"widget\" data-e-type=\"widget\" data-widget_type=\"text-editor.default\">\n\t\t\t\t<div class=\"elementor-widget-container\">\n\t\t\t\t\t\t\t\t\t<p><strong>Quelle est la situation des personnes en situation de handicap \u00e0 Madagascar au cours de ces 10 derni\u00e8res ann\u00e9es, l\u2019association a remarqu\u00e9 des progr\u00e8s?<\/strong><\/p>\t\t\t\t\t\t\t\t<\/div>\n\t\t\t\t<\/div>\n\t\t\t\t<div class=\"elementor-element elementor-element-f642e27 elementor-widget elementor-widget-text-editor\" data-id=\"f642e27\" data-element_type=\"widget\" data-e-type=\"widget\" data-widget_type=\"text-editor.default\">\n\t\t\t\t<div class=\"elementor-widget-container\">\n\t\t\t\t\t\t\t\t\t<p>Au cours des dix derni\u00e8res ann\u00e9es, d&rsquo;importants changements ont marqu\u00e9 la condition des personnes en situation de handicap \u00e0 Madagascar. Des efforts consid\u00e9rables ont \u00e9t\u00e9 men\u00e9s par diverses f\u00e9d\u00e9rations et plateformes d&rsquo;associations pour plaider en faveur des droits de ces individus, en s&rsquo;appuyant notamment sur la Convention internationale relative aux droits des personnes handicap\u00e9es. Ces plaidoyers ont contribu\u00e9 \u00e0 sensibiliser et \u00e0 mobiliser autour des besoins sp\u00e9cifiques des personnes en situation de handicap, aboutissant \u00e0 des actions concr\u00e8tes.<\/p><p>Un exemple concret de ces progr\u00e8s r\u00e9alis\u00e9s se trouve dans le domaine de l&rsquo;\u00e9ducation. De plus en plus d&rsquo;\u00e9coles deviennent progressivement inclusives, et essayent d\u2019offrir aux enfants en situation de handicap la possibilit\u00e9 d&rsquo;acc\u00e9der \u00e0 une \u00e9ducation dans un environnement adapt\u00e9 \u00e0 leurs besoins. Par ailleurs, sur le plan institutionnel, nous avons constat\u00e9 l&rsquo;instauration de d\u00e9partements ou de programmes consacr\u00e9s \u00e0 l&rsquo;\u00e9ducation inclusive, d\u00e9montrant ainsi une volont\u00e9 croissante de l&rsquo;\u00c9tat malagasy \u00e0 promouvoir une politique inclusive.<\/p><p>Ces initiatives t\u00e9moignent d&rsquo;un changement progressif vers une soci\u00e9t\u00e9 plus inclusive, o\u00f9 les droits des personnes en situation de handicap sont reconnus, et o\u00f9 leur pleine participation \u00e0 la vie sociale, \u00e9conomique et politique du pays est \u00e9galement soutenue. Toutefois, il reste encore des d\u00e9fis importants \u00e0 relever. Malgr\u00e9 les progr\u00e8s r\u00e9alis\u00e9s, de nombreux obstacles persistent, tels que l&rsquo;acc\u00e8s aux soins de sant\u00e9, \u00e0 l&#8217;emploi et \u00e0 l&rsquo;accessibilit\u00e9 physique. Il est donc essentiel de poursuivre les efforts et de consolider les politiques et les programmes pour garantir une v\u00e9ritable inclusion pour tous.<\/p>\t\t\t\t\t\t\t\t<\/div>\n\t\t\t\t<\/div>\n\t\t\t\t<div class=\"elementor-element elementor-element-21e8075 elementor-widget elementor-widget-image\" data-id=\"21e8075\" data-element_type=\"widget\" data-e-type=\"widget\" data-widget_type=\"image.default\">\n\t\t\t\t<div class=\"elementor-widget-container\">\n\t\t\t\t\t\t\t\t\t\t\t\t\t\t\t<img fetchpriority=\"high\" decoding=\"async\" width=\"1024\" height=\"768\" src=\"https:\/\/associationfanarenana.org\/wp-content\/uploads\/2024\/03\/03-1-1024x768.jpeg\" class=\"attachment-large size-large wp-image-5143\" alt=\"\" srcset=\"https:\/\/associationfanarenana.org\/wp-content\/uploads\/2024\/03\/03-1-1024x768.jpeg 1024w, https:\/\/associationfanarenana.org\/wp-content\/uploads\/2024\/03\/03-1-300x225.jpeg 300w, https:\/\/associationfanarenana.org\/wp-content\/uploads\/2024\/03\/03-1-768x576.jpeg 768w, https:\/\/associationfanarenana.org\/wp-content\/uploads\/2024\/03\/03-1-1536x1152.jpeg 1536w, https:\/\/associationfanarenana.org\/wp-content\/uploads\/2024\/03\/03-1-200x150.jpeg 200w, https:\/\/associationfanarenana.org\/wp-content\/uploads\/2024\/03\/03-1.jpeg 2048w\" sizes=\"(max-width: 1024px) 100vw, 1024px\" \/>\t\t\t\t\t\t\t\t\t\t\t\t\t\t\t<\/div>\n\t\t\t\t<\/div>\n\t\t\t\t<div class=\"elementor-element elementor-element-fc4ef7d elementor-widget elementor-widget-text-editor\" data-id=\"fc4ef7d\" data-element_type=\"widget\" data-e-type=\"widget\" data-widget_type=\"text-editor.default\">\n\t\t\t\t<div class=\"elementor-widget-container\">\n\t\t\t\t\t\t\t\t\t<p><strong>Quels sont les principaux d\u00e9fis entravant l&rsquo;int\u00e9gration des individus dans la soci\u00e9t\u00e9 malgache ?<\/strong><\/p>\t\t\t\t\t\t\t\t<\/div>\n\t\t\t\t<\/div>\n\t\t\t\t<div class=\"elementor-element elementor-element-ac9e440 elementor-widget elementor-widget-text-editor\" data-id=\"ac9e440\" data-element_type=\"widget\" data-e-type=\"widget\" data-widget_type=\"text-editor.default\">\n\t\t\t\t<div class=\"elementor-widget-container\">\n\t\t\t\t\t\t\t\t\t<p>Les d\u00e9fis d&rsquo;int\u00e9gration dans la soci\u00e9t\u00e9 malgache sont multiples et enracin\u00e9s. L&rsquo;\u00e9ducation insuffisante est un frein majeur, entravant l&rsquo;acc\u00e8s \u00e0 des opportunit\u00e9s et perp\u00e9tuant la pauvret\u00e9<\/p>\t\t\t\t\t\t\t\t<\/div>\n\t\t\t\t<\/div>\n\t\t\t\t<\/div>\n\t\t\t\t<div class=\"elementor-element elementor-element-e0ddb3a elementor-widget elementor-widget-spacer\" data-id=\"e0ddb3a\" data-element_type=\"widget\" data-e-type=\"widget\" data-widget_type=\"spacer.default\">\n\t\t\t\t<div class=\"elementor-widget-container\">\n\t\t\t\t\t\t\t<div class=\"elementor-spacer\">\n\t\t\t<div class=\"elementor-spacer-inner\"><\/div>\n\t\t<\/div>\n\t\t\t\t\t\t<\/div>\n\t\t\t\t<\/div>\n\t\t<div class=\"elementor-element elementor-element-5379d6f e-con-full e-flex wpr-particle-no wpr-jarallax-no wpr-parallax-no wpr-sticky-section-no e-con e-child\" data-id=\"5379d6f\" data-element_type=\"container\" data-e-type=\"container\">\n\t\t<div class=\"elementor-element elementor-element-cf95a53 e-flex e-con-boxed wpr-particle-no wpr-jarallax-no wpr-parallax-no wpr-sticky-section-no e-con e-child\" data-id=\"cf95a53\" data-element_type=\"container\" data-e-type=\"container\">\n\t\t\t\t\t<div class=\"e-con-inner\">\n\t\t\t\t<div class=\"elementor-element elementor-element-40c59d2 elementor-widget elementor-widget-spacer\" data-id=\"40c59d2\" data-element_type=\"widget\" data-e-type=\"widget\" data-widget_type=\"spacer.default\">\n\t\t\t\t<div class=\"elementor-widget-container\">\n\t\t\t\t\t\t\t<div class=\"elementor-spacer\">\n\t\t\t<div class=\"elementor-spacer-inner\"><\/div>\n\t\t<\/div>\n\t\t\t\t\t\t<\/div>\n\t\t\t\t<\/div>\n\t\t\t\t<div class=\"elementor-element elementor-element-9f319bf elementor-widget elementor-widget-image\" data-id=\"9f319bf\" data-element_type=\"widget\" data-e-type=\"widget\" data-widget_type=\"image.default\">\n\t\t\t\t<div class=\"elementor-widget-container\">\n\t\t\t\t\t\t\t\t\t\t\t\t\t\t\t<img decoding=\"async\" width=\"1024\" height=\"768\" src=\"https:\/\/associationfanarenana.org\/wp-content\/uploads\/2024\/03\/01-1024x768.jpg\" class=\"attachment-large size-large wp-image-5141\" alt=\"\" srcset=\"https:\/\/associationfanarenana.org\/wp-content\/uploads\/2024\/03\/01-1024x768.jpg 1024w, https:\/\/associationfanarenana.org\/wp-content\/uploads\/2024\/03\/01-300x225.jpg 300w, https:\/\/associationfanarenana.org\/wp-content\/uploads\/2024\/03\/01-768x576.jpg 768w, https:\/\/associationfanarenana.org\/wp-content\/uploads\/2024\/03\/01-1536x1152.jpg 1536w, https:\/\/associationfanarenana.org\/wp-content\/uploads\/2024\/03\/01-200x150.jpg 200w, https:\/\/associationfanarenana.org\/wp-content\/uploads\/2024\/03\/01.jpg 2048w\" sizes=\"(max-width: 1024px) 100vw, 1024px\" \/>\t\t\t\t\t\t\t\t\t\t\t\t\t\t\t<\/div>\n\t\t\t\t<\/div>\n\t\t\t\t\t<\/div>\n\t\t\t\t<\/div>\n\t\t<div class=\"elementor-element elementor-element-66b5340 e-flex e-con-boxed wpr-particle-no wpr-jarallax-no wpr-parallax-no wpr-sticky-section-no e-con e-child\" data-id=\"66b5340\" data-element_type=\"container\" data-e-type=\"container\">\n\t\t\t\t\t<div class=\"e-con-inner\">\n\t\t\t\t<div class=\"elementor-element elementor-element-62c6fa6 elementor-widget elementor-widget-text-editor\" data-id=\"62c6fa6\" data-element_type=\"widget\" data-e-type=\"widget\" data-widget_type=\"text-editor.default\">\n\t\t\t\t<div class=\"elementor-widget-container\">\n\t\t\t\t\t\t\t\t\t<p>et l&rsquo;exclusion. Les traditions et les barri\u00e8res culturelles impactent \u00e9galement de mani\u00e8re significative, par exemple, l&rsquo;exclusion des filles-m\u00e8res de l&rsquo;\u00e9ducation menace leur autonomie \u00e9conomique.<\/p><p>De plus, les politiques de d\u00e9veloppement socio-\u00e9conomique omettent souvent des segments de la population, aggravant les in\u00e9galit\u00e9s. L&rsquo;absence de mesures efficaces contre la pauvret\u00e9 nuit \u00e0 l&rsquo;inclusion sociale et \u00e9conomique, conduisant \u00e0 un d\u00e9veloppement disparate et \u00e0 l&rsquo;exclusion des groupes vuln\u00e9rables y compris les personnes en situation de handicap.<\/p><p>La corruption repr\u00e9sente un obstacle majeur, affaiblissant les institutions et compromettant l&rsquo;acc\u00e8s aux ressources essentielles, engendrant une injustice sociale.\u00a0 \u00a0 \u00a0 \u00a0 \u00a0 \u00a0 \u00a0 \u00a0 \u00a0 \u00a0 \u00a0 \u00a0 \u00a0 \u00a0 \u00a0 \u00a0 \u00a0 \u00a0 \u00a0 \u00a0 \u00a0 \u00a0 \u00a0 \u00a0 \u00a0 \u00a0 \u00a0 \u00a0 \u00a0 \u00a0 \u00a0 \u00a0 \u00a0 \u00a0 \u00a0 \u00a0 \u00a0 \u00a0 \u00a0 \u00a0 \u00a0 \u00a0 \u00a0 \u00a0 \u00a0 \u00a0 \u00a0 \u00a0 \u00a0 \u00a0 \u00a0 \u00a0 \u00a0 \u00a0 \u00a0 Pour relever ces d\u00e9fis, une strat\u00e9gie globale et coordonn\u00e9e est indispensable, incluant des politiques \u00e9ducatives inclusives, le respect des droits humains et la lutte contre la corruption pour construire une soci\u00e9t\u00e9 malgache inclusive et prosp\u00e8re.<\/p>\t\t\t\t\t\t\t\t<\/div>\n\t\t\t\t<\/div>\n\t\t\t\t<div class=\"elementor-element elementor-element-2b179bd elementor-widget elementor-widget-spacer\" data-id=\"2b179bd\" data-element_type=\"widget\" data-e-type=\"widget\" data-widget_type=\"spacer.default\">\n\t\t\t\t<div class=\"elementor-widget-container\">\n\t\t\t\t\t\t\t<div class=\"elementor-spacer\">\n\t\t\t<div class=\"elementor-spacer-inner\"><\/div>\n\t\t<\/div>\n\t\t\t\t\t\t<\/div>\n\t\t\t\t<\/div>\n\t\t\t\t\t<\/div>\n\t\t\t\t<\/div>\n\t\t\t\t<div class=\"elementor-element elementor-element-643fd87 elementor-widget elementor-widget-text-editor\" data-id=\"643fd87\" data-element_type=\"widget\" data-e-type=\"widget\" data-widget_type=\"text-editor.default\">\n\t\t\t\t<div class=\"elementor-widget-container\">\n\t\t\t\t\t\t\t\t\t<p><strong>En quoi la vision de Fanarenana a connu une progression? <\/strong><\/p>\t\t\t\t\t\t\t\t<\/div>\n\t\t\t\t<\/div>\n\t\t\t\t<div class=\"elementor-element elementor-element-779e9ed elementor-widget elementor-widget-spacer\" data-id=\"779e9ed\" data-element_type=\"widget\" data-e-type=\"widget\" data-widget_type=\"spacer.default\">\n\t\t\t\t<div class=\"elementor-widget-container\">\n\t\t\t\t\t\t\t<div class=\"elementor-spacer\">\n\t\t\t<div class=\"elementor-spacer-inner\"><\/div>\n\t\t<\/div>\n\t\t\t\t\t\t<\/div>\n\t\t\t\t<\/div>\n\t\t\t\t<div class=\"elementor-element elementor-element-f444dde elementor-widget elementor-widget-text-editor\" data-id=\"f444dde\" data-element_type=\"widget\" data-e-type=\"widget\" data-widget_type=\"text-editor.default\">\n\t\t\t\t<div class=\"elementor-widget-container\">\n\t\t\t\t\t\t\t\t\t<p>La vision de Fanarenana a connu une progression remarquable au fil des ann\u00e9es, passant d&rsquo;une approche centr\u00e9e sur les soins r\u00e9\u00e9ducatifs \u00e0 une strat\u00e9gie globale pour le bien-\u00eatre des enfants en situation de handicap et de leur famille. Initialement ax\u00e9 sur la r\u00e9adaptation physique, l&rsquo;organisation a \u00e9largi sa palette de services pour inclure l&rsquo;\u00e9ducation inclusive, le soutien psychosocial et l&rsquo;accompagnement familial, offrant ainsi une prise en charge holistique.\u00a0 \u00a0 \u00a0 \u00a0 \u00a0 \u00a0 \u00a0 \u00a0 \u00a0 \u00a0 \u00a0 \u00a0 \u00a0 \u00a0 \u00a0 \u00a0 \u00a0 \u00a0 \u00a0 \u00a0 \u00a0 \u00a0 \u00a0 \u00a0 \u00a0 \u00a0 \u00a0 \u00a0 \u00a0 \u00a0 \u00a0 \u00a0 \u00a0 \u00a0 \u00a0 \u00a0 \u00a0 \u00a0 \u00a0 \u00a0 \u00a0 \u00a0 \u00a0 De plus, en accueillant des stagiaires nationaux et internationaux, Fanarenana favorise les \u00e9changes interculturels et l&rsquo;enrichissement mutuel, renfor\u00e7ant ainsi ses capacit\u00e9s. Elle s&rsquo;implique \u00e9galement dans des initiatives visant \u00e0 promouvoir l&rsquo;inclusion sociale et \u00e0 sensibiliser le public aux d\u00e9fis rencontr\u00e9s par les enfants en situation de handicap.<\/p><p>Parall\u00e8lement, la formation continue de son propre personnel et l&rsquo;extension de cette opportunit\u00e9 pour des professionnels du soin et de l&rsquo;\u00e9ducation assurent un renforcement des comp\u00e9tences et une continuit\u00e9 des actions et de la qualit\u00e9 des services. Enfin, conscient des barri\u00e8res d&rsquo;acc\u00e8s aux services pour certains, Fanarenana s&rsquo;est engag\u00e9e \u00e0 maximiser l\u2019accessibilit\u00e9 de ses services en organisant des semaines de bilan et de r\u00e9\u00e9ducation dans diverses r\u00e9gions, garantissant ainsi proximit\u00e9 et efficacit\u00e9.<\/p><p>En somme, Fanarenana a \u00e9volu\u00e9 vers une approche inclusive et holistique, mettant l&rsquo;accent sur le bien-\u00eatre global des enfants en situation de handicap et de leur famille, tout en favorisant la sensibilisation, la formation et l&rsquo;accessibilit\u00e9 des services.<\/p>\t\t\t\t\t\t\t\t<\/div>\n\t\t\t\t<\/div>\n\t\t\t\t<div class=\"elementor-element elementor-element-5a853a8 elementor-widget elementor-widget-spacer\" data-id=\"5a853a8\" data-element_type=\"widget\" data-e-type=\"widget\" data-widget_type=\"spacer.default\">\n\t\t\t\t<div class=\"elementor-widget-container\">\n\t\t\t\t\t\t\t<div class=\"elementor-spacer\">\n\t\t\t<div class=\"elementor-spacer-inner\"><\/div>\n\t\t<\/div>\n\t\t\t\t\t\t<\/div>\n\t\t\t\t<\/div>\n\t\t\t\t<\/div>\n\t\t\t\t\t<\/div>\n\t\t\t\t<\/div>\n\t\t\t\t<\/div>\n\t\t","protected":false},"excerpt":{"rendered":"<p>Cette ann\u00e9e marque deux d\u00e9cennies d&rsquo;engagement in\u00e9branlable de Fanarenana sur le sol malgache. Ces ann\u00e9es \u00e9coul\u00e9es ont \u00e9t\u00e9 ponctu\u00e9es de d\u00e9fis, mais nous avons travaill\u00e9 sans rel\u00e2che et nous nous engageons \u00e0 poursuivre notre mission pour de nombreuses ann\u00e9es encore. Nous avons \u00e9t\u00e9 t\u00e9moins d&rsquo;am\u00e9liorations significatives dans la vie de nombreuses personnes que nous avons [&hellip;]<\/p>\n","protected":false},"author":1,"featured_media":5139,"comment_status":"closed","ping_status":"closed","sticky":false,"template":"","format":"standard","meta":{"footnotes":""},"categories":[7],"tags":[],"class_list":["post-5138","post","type-post","status-publish","format-standard","has-post-thumbnail","hentry","category-nos-actualites"],"blocksy_meta":[],"yoast_head":"<!-- This site is optimized with the Yoast SEO plugin v22.2 - https:\/\/yoast.com\/wordpress\/plugins\/seo\/ -->\n<title>L\u2019association Fanarenana d\u00e9voile ses plans pour l&#039;ann\u00e9e 2024 - Association Fanarenana<\/title>\n<meta name=\"robots\" content=\"index, follow, max-snippet:-1, max-image-preview:large, max-video-preview:-1\" \/>\n<link rel=\"canonical\" href=\"https:\/\/associationfanarenana.org\/index.php\/2024\/03\/25\/lassociation-fanarenana-devoile-ses-plans-pour-lannee-2024\/\" \/>\n<meta property=\"og:locale\" content=\"fr_FR\" \/>\n<meta property=\"og:type\" content=\"article\" \/>\n<meta property=\"og:title\" content=\"L\u2019association Fanarenana d\u00e9voile ses plans pour l&#039;ann\u00e9e 2024 - Association Fanarenana\" \/>\n<meta property=\"og:description\" content=\"Cette ann\u00e9e marque deux d\u00e9cennies d&rsquo;engagement in\u00e9branlable de Fanarenana sur le sol malgache. Ces ann\u00e9es \u00e9coul\u00e9es ont \u00e9t\u00e9 ponctu\u00e9es de d\u00e9fis, mais nous avons travaill\u00e9 sans rel\u00e2che et nous nous engageons \u00e0 poursuivre notre mission pour de nombreuses ann\u00e9es encore. Nous avons \u00e9t\u00e9 t\u00e9moins d&rsquo;am\u00e9liorations significatives dans la vie de nombreuses personnes que nous avons [&hellip;]\" \/>\n<meta property=\"og:url\" content=\"https:\/\/associationfanarenana.org\/index.php\/2024\/03\/25\/lassociation-fanarenana-devoile-ses-plans-pour-lannee-2024\/\" \/>\n<meta property=\"og:site_name\" content=\"Association Fanarenana\" \/>\n<meta property=\"article:published_time\" content=\"2024-03-25T07:00:00+00:00\" \/>\n<meta property=\"article:modified_time\" content=\"2024-03-17T20:40:12+00:00\" \/>\n<meta property=\"og:image\" content=\"https:\/\/associationfanarenana.org\/wp-content\/uploads\/2024\/03\/02.jpg\" \/>\n\t<meta property=\"og:image:width\" content=\"2048\" \/>\n\t<meta property=\"og:image:height\" content=\"1366\" \/>\n\t<meta property=\"og:image:type\" content=\"image\/jpeg\" \/>\n<meta name=\"author\" content=\"Tanapitiavana_Rakotozafy\" \/>\n<meta name=\"twitter:card\" content=\"summary_large_image\" \/>\n<meta name=\"twitter:label1\" content=\"\u00c9crit par\" \/>\n\t<meta name=\"twitter:data1\" content=\"Tanapitiavana_Rakotozafy\" \/>\n\t<meta name=\"twitter:label2\" content=\"Dur\u00e9e de lecture estim\u00e9e\" \/>\n\t<meta name=\"twitter:data2\" content=\"5 minutes\" \/>\n<script type=\"application\/ld+json\" class=\"yoast-schema-graph\">{\"@context\":\"https:\/\/schema.org\",\"@graph\":[{\"@type\":\"Article\",\"@id\":\"https:\/\/associationfanarenana.org\/index.php\/2024\/03\/25\/lassociation-fanarenana-devoile-ses-plans-pour-lannee-2024\/#article\",\"isPartOf\":{\"@id\":\"https:\/\/associationfanarenana.org\/index.php\/2024\/03\/25\/lassociation-fanarenana-devoile-ses-plans-pour-lannee-2024\/\"},\"author\":{\"name\":\"Tanapitiavana_Rakotozafy\",\"@id\":\"https:\/\/associationfanarenana.org\/#\/schema\/person\/0f13ff08d153e2a557e9f3a246dd111e\"},\"headline\":\"L\u2019association Fanarenana d\u00e9voile ses plans pour l&rsquo;ann\u00e9e 2024\",\"datePublished\":\"2024-03-25T07:00:00+00:00\",\"dateModified\":\"2024-03-17T20:40:12+00:00\",\"mainEntityOfPage\":{\"@id\":\"https:\/\/associationfanarenana.org\/index.php\/2024\/03\/25\/lassociation-fanarenana-devoile-ses-plans-pour-lannee-2024\/\"},\"wordCount\":860,\"publisher\":{\"@id\":\"https:\/\/associationfanarenana.org\/#organization\"},\"image\":{\"@id\":\"https:\/\/associationfanarenana.org\/index.php\/2024\/03\/25\/lassociation-fanarenana-devoile-ses-plans-pour-lannee-2024\/#primaryimage\"},\"thumbnailUrl\":\"https:\/\/associationfanarenana.org\/wp-content\/uploads\/2024\/03\/02.jpg\",\"articleSection\":[\"Nos actualit\u00e9s\"],\"inLanguage\":\"fr-FR\"},{\"@type\":\"WebPage\",\"@id\":\"https:\/\/associationfanarenana.org\/index.php\/2024\/03\/25\/lassociation-fanarenana-devoile-ses-plans-pour-lannee-2024\/\",\"url\":\"https:\/\/associationfanarenana.org\/index.php\/2024\/03\/25\/lassociation-fanarenana-devoile-ses-plans-pour-lannee-2024\/\",\"name\":\"L\u2019association Fanarenana d\u00e9voile ses plans pour l'ann\u00e9e 2024 - Association Fanarenana\",\"isPartOf\":{\"@id\":\"https:\/\/associationfanarenana.org\/#website\"},\"primaryImageOfPage\":{\"@id\":\"https:\/\/associationfanarenana.org\/index.php\/2024\/03\/25\/lassociation-fanarenana-devoile-ses-plans-pour-lannee-2024\/#primaryimage\"},\"image\":{\"@id\":\"https:\/\/associationfanarenana.org\/index.php\/2024\/03\/25\/lassociation-fanarenana-devoile-ses-plans-pour-lannee-2024\/#primaryimage\"},\"thumbnailUrl\":\"https:\/\/associationfanarenana.org\/wp-content\/uploads\/2024\/03\/02.jpg\",\"datePublished\":\"2024-03-25T07:00:00+00:00\",\"dateModified\":\"2024-03-17T20:40:12+00:00\",\"breadcrumb\":{\"@id\":\"https:\/\/associationfanarenana.org\/index.php\/2024\/03\/25\/lassociation-fanarenana-devoile-ses-plans-pour-lannee-2024\/#breadcrumb\"},\"inLanguage\":\"fr-FR\",\"potentialAction\":[{\"@type\":\"ReadAction\",\"target\":[\"https:\/\/associationfanarenana.org\/index.php\/2024\/03\/25\/lassociation-fanarenana-devoile-ses-plans-pour-lannee-2024\/\"]}]},{\"@type\":\"ImageObject\",\"inLanguage\":\"fr-FR\",\"@id\":\"https:\/\/associationfanarenana.org\/index.php\/2024\/03\/25\/lassociation-fanarenana-devoile-ses-plans-pour-lannee-2024\/#primaryimage\",\"url\":\"https:\/\/associationfanarenana.org\/wp-content\/uploads\/2024\/03\/02.jpg\",\"contentUrl\":\"https:\/\/associationfanarenana.org\/wp-content\/uploads\/2024\/03\/02.jpg\",\"width\":2048,\"height\":1366},{\"@type\":\"BreadcrumbList\",\"@id\":\"https:\/\/associationfanarenana.org\/index.php\/2024\/03\/25\/lassociation-fanarenana-devoile-ses-plans-pour-lannee-2024\/#breadcrumb\",\"itemListElement\":[{\"@type\":\"ListItem\",\"position\":1,\"name\":\"Accueil\",\"item\":\"https:\/\/associationfanarenana.org\/\"},{\"@type\":\"ListItem\",\"position\":2,\"name\":\"L\u2019association Fanarenana d\u00e9voile ses plans pour l&rsquo;ann\u00e9e 2024\"}]},{\"@type\":\"WebSite\",\"@id\":\"https:\/\/associationfanarenana.org\/#website\",\"url\":\"https:\/\/associationfanarenana.org\/\",\"name\":\"Association Fanarenana\",\"description\":\"Promouvoir la r\u00e9adaptation des enfants et jeunes en situation de handicap \u00e0 Madagasacar\",\"publisher\":{\"@id\":\"https:\/\/associationfanarenana.org\/#organization\"},\"potentialAction\":[{\"@type\":\"SearchAction\",\"target\":{\"@type\":\"EntryPoint\",\"urlTemplate\":\"https:\/\/associationfanarenana.org\/?s={search_term_string}\"},\"query-input\":\"required name=search_term_string\"}],\"inLanguage\":\"fr-FR\"},{\"@type\":\"Organization\",\"@id\":\"https:\/\/associationfanarenana.org\/#organization\",\"name\":\"Association Fanarenana\",\"url\":\"https:\/\/associationfanarenana.org\/\",\"logo\":{\"@type\":\"ImageObject\",\"inLanguage\":\"fr-FR\",\"@id\":\"https:\/\/associationfanarenana.org\/#\/schema\/logo\/image\/\",\"url\":\"https:\/\/associationfanarenana.org\/wp-content\/uploads\/2023\/12\/Logo_Fanarenana1.png\",\"contentUrl\":\"https:\/\/associationfanarenana.org\/wp-content\/uploads\/2023\/12\/Logo_Fanarenana1.png\",\"width\":488,\"height\":405,\"caption\":\"Association Fanarenana\"},\"image\":{\"@id\":\"https:\/\/associationfanarenana.org\/#\/schema\/logo\/image\/\"},\"sameAs\":[\"https:\/\/www.instagram.com\/association_fanarenana\/\"]},{\"@type\":\"Person\",\"@id\":\"https:\/\/associationfanarenana.org\/#\/schema\/person\/0f13ff08d153e2a557e9f3a246dd111e\",\"name\":\"Tanapitiavana_Rakotozafy\",\"image\":{\"@type\":\"ImageObject\",\"inLanguage\":\"fr-FR\",\"@id\":\"https:\/\/associationfanarenana.org\/#\/schema\/person\/image\/\",\"url\":\"https:\/\/secure.gravatar.com\/avatar\/635a046cfd49e113f1b369a809589996f44dcc2dd8d34714f8d4614f7cb9ff55?s=96&d=mm&r=g\",\"contentUrl\":\"https:\/\/secure.gravatar.com\/avatar\/635a046cfd49e113f1b369a809589996f44dcc2dd8d34714f8d4614f7cb9ff55?s=96&d=mm&r=g\",\"caption\":\"Tanapitiavana_Rakotozafy\"},\"sameAs\":[\"http:\/\/associationfanarenana.org\"],\"url\":\"https:\/\/associationfanarenana.org\/index.php\/author\/admin1378\/\"}]}<\/script>\n<!-- \/ Yoast SEO plugin. -->","yoast_head_json":{"title":"L\u2019association Fanarenana d\u00e9voile ses plans pour l'ann\u00e9e 2024 - Association Fanarenana","robots":{"index":"index","follow":"follow","max-snippet":"max-snippet:-1","max-image-preview":"max-image-preview:large","max-video-preview":"max-video-preview:-1"},"canonical":"https:\/\/associationfanarenana.org\/index.php\/2024\/03\/25\/lassociation-fanarenana-devoile-ses-plans-pour-lannee-2024\/","og_locale":"fr_FR","og_type":"article","og_title":"L\u2019association Fanarenana d\u00e9voile ses plans pour l'ann\u00e9e 2024 - Association Fanarenana","og_description":"Cette ann\u00e9e marque deux d\u00e9cennies d&rsquo;engagement in\u00e9branlable de Fanarenana sur le sol malgache. Ces ann\u00e9es \u00e9coul\u00e9es ont \u00e9t\u00e9 ponctu\u00e9es de d\u00e9fis, mais nous avons travaill\u00e9 sans rel\u00e2che et nous nous engageons \u00e0 poursuivre notre mission pour de nombreuses ann\u00e9es encore. Nous avons \u00e9t\u00e9 t\u00e9moins d&rsquo;am\u00e9liorations significatives dans la vie de nombreuses personnes que nous avons [&hellip;]","og_url":"https:\/\/associationfanarenana.org\/index.php\/2024\/03\/25\/lassociation-fanarenana-devoile-ses-plans-pour-lannee-2024\/","og_site_name":"Association Fanarenana","article_published_time":"2024-03-25T07:00:00+00:00","article_modified_time":"2024-03-17T20:40:12+00:00","og_image":[{"width":2048,"height":1366,"url":"https:\/\/associationfanarenana.org\/wp-content\/uploads\/2024\/03\/02.jpg","type":"image\/jpeg"}],"author":"Tanapitiavana_Rakotozafy","twitter_card":"summary_large_image","twitter_misc":{"\u00c9crit par":"Tanapitiavana_Rakotozafy","Dur\u00e9e de lecture estim\u00e9e":"5 minutes"},"schema":{"@context":"https:\/\/schema.org","@graph":[{"@type":"Article","@id":"https:\/\/associationfanarenana.org\/index.php\/2024\/03\/25\/lassociation-fanarenana-devoile-ses-plans-pour-lannee-2024\/#article","isPartOf":{"@id":"https:\/\/associationfanarenana.org\/index.php\/2024\/03\/25\/lassociation-fanarenana-devoile-ses-plans-pour-lannee-2024\/"},"author":{"name":"Tanapitiavana_Rakotozafy","@id":"https:\/\/associationfanarenana.org\/#\/schema\/person\/0f13ff08d153e2a557e9f3a246dd111e"},"headline":"L\u2019association Fanarenana d\u00e9voile ses plans pour l&rsquo;ann\u00e9e 2024","datePublished":"2024-03-25T07:00:00+00:00","dateModified":"2024-03-17T20:40:12+00:00","mainEntityOfPage":{"@id":"https:\/\/associationfanarenana.org\/index.php\/2024\/03\/25\/lassociation-fanarenana-devoile-ses-plans-pour-lannee-2024\/"},"wordCount":860,"publisher":{"@id":"https:\/\/associationfanarenana.org\/#organization"},"image":{"@id":"https:\/\/associationfanarenana.org\/index.php\/2024\/03\/25\/lassociation-fanarenana-devoile-ses-plans-pour-lannee-2024\/#primaryimage"},"thumbnailUrl":"https:\/\/associationfanarenana.org\/wp-content\/uploads\/2024\/03\/02.jpg","articleSection":["Nos actualit\u00e9s"],"inLanguage":"fr-FR"},{"@type":"WebPage","@id":"https:\/\/associationfanarenana.org\/index.php\/2024\/03\/25\/lassociation-fanarenana-devoile-ses-plans-pour-lannee-2024\/","url":"https:\/\/associationfanarenana.org\/index.php\/2024\/03\/25\/lassociation-fanarenana-devoile-ses-plans-pour-lannee-2024\/","name":"L\u2019association Fanarenana d\u00e9voile ses plans pour l'ann\u00e9e 2024 - Association Fanarenana","isPartOf":{"@id":"https:\/\/associationfanarenana.org\/#website"},"primaryImageOfPage":{"@id":"https:\/\/associationfanarenana.org\/index.php\/2024\/03\/25\/lassociation-fanarenana-devoile-ses-plans-pour-lannee-2024\/#primaryimage"},"image":{"@id":"https:\/\/associationfanarenana.org\/index.php\/2024\/03\/25\/lassociation-fanarenana-devoile-ses-plans-pour-lannee-2024\/#primaryimage"},"thumbnailUrl":"https:\/\/associationfanarenana.org\/wp-content\/uploads\/2024\/03\/02.jpg","datePublished":"2024-03-25T07:00:00+00:00","dateModified":"2024-03-17T20:40:12+00:00","breadcrumb":{"@id":"https:\/\/associationfanarenana.org\/index.php\/2024\/03\/25\/lassociation-fanarenana-devoile-ses-plans-pour-lannee-2024\/#breadcrumb"},"inLanguage":"fr-FR","potentialAction":[{"@type":"ReadAction","target":["https:\/\/associationfanarenana.org\/index.php\/2024\/03\/25\/lassociation-fanarenana-devoile-ses-plans-pour-lannee-2024\/"]}]},{"@type":"ImageObject","inLanguage":"fr-FR","@id":"https:\/\/associationfanarenana.org\/index.php\/2024\/03\/25\/lassociation-fanarenana-devoile-ses-plans-pour-lannee-2024\/#primaryimage","url":"https:\/\/associationfanarenana.org\/wp-content\/uploads\/2024\/03\/02.jpg","contentUrl":"https:\/\/associationfanarenana.org\/wp-content\/uploads\/2024\/03\/02.jpg","width":2048,"height":1366},{"@type":"BreadcrumbList","@id":"https:\/\/associationfanarenana.org\/index.php\/2024\/03\/25\/lassociation-fanarenana-devoile-ses-plans-pour-lannee-2024\/#breadcrumb","itemListElement":[{"@type":"ListItem","position":1,"name":"Accueil","item":"https:\/\/associationfanarenana.org\/"},{"@type":"ListItem","position":2,"name":"L\u2019association Fanarenana d\u00e9voile ses plans pour l&rsquo;ann\u00e9e 2024"}]},{"@type":"WebSite","@id":"https:\/\/associationfanarenana.org\/#website","url":"https:\/\/associationfanarenana.org\/","name":"Association Fanarenana","description":"Promouvoir la r\u00e9adaptation des enfants et jeunes en situation de handicap \u00e0 Madagasacar","publisher":{"@id":"https:\/\/associationfanarenana.org\/#organization"},"potentialAction":[{"@type":"SearchAction","target":{"@type":"EntryPoint","urlTemplate":"https:\/\/associationfanarenana.org\/?s={search_term_string}"},"query-input":"required name=search_term_string"}],"inLanguage":"fr-FR"},{"@type":"Organization","@id":"https:\/\/associationfanarenana.org\/#organization","name":"Association Fanarenana","url":"https:\/\/associationfanarenana.org\/","logo":{"@type":"ImageObject","inLanguage":"fr-FR","@id":"https:\/\/associationfanarenana.org\/#\/schema\/logo\/image\/","url":"https:\/\/associationfanarenana.org\/wp-content\/uploads\/2023\/12\/Logo_Fanarenana1.png","contentUrl":"https:\/\/associationfanarenana.org\/wp-content\/uploads\/2023\/12\/Logo_Fanarenana1.png","width":488,"height":405,"caption":"Association Fanarenana"},"image":{"@id":"https:\/\/associationfanarenana.org\/#\/schema\/logo\/image\/"},"sameAs":["https:\/\/www.instagram.com\/association_fanarenana\/"]},{"@type":"Person","@id":"https:\/\/associationfanarenana.org\/#\/schema\/person\/0f13ff08d153e2a557e9f3a246dd111e","name":"Tanapitiavana_Rakotozafy","image":{"@type":"ImageObject","inLanguage":"fr-FR","@id":"https:\/\/associationfanarenana.org\/#\/schema\/person\/image\/","url":"https:\/\/secure.gravatar.com\/avatar\/635a046cfd49e113f1b369a809589996f44dcc2dd8d34714f8d4614f7cb9ff55?s=96&d=mm&r=g","contentUrl":"https:\/\/secure.gravatar.com\/avatar\/635a046cfd49e113f1b369a809589996f44dcc2dd8d34714f8d4614f7cb9ff55?s=96&d=mm&r=g","caption":"Tanapitiavana_Rakotozafy"},"sameAs":["http:\/\/associationfanarenana.org"],"url":"https:\/\/associationfanarenana.org\/index.php\/author\/admin1378\/"}]}},"_links":{"self":[{"href":"https:\/\/associationfanarenana.org\/index.php\/wp-json\/wp\/v2\/posts\/5138","targetHints":{"allow":["GET"]}}],"collection":[{"href":"https:\/\/associationfanarenana.org\/index.php\/wp-json\/wp\/v2\/posts"}],"about":[{"href":"https:\/\/associationfanarenana.org\/index.php\/wp-json\/wp\/v2\/types\/post"}],"author":[{"embeddable":true,"href":"https:\/\/associationfanarenana.org\/index.php\/wp-json\/wp\/v2\/users\/1"}],"replies":[{"embeddable":true,"href":"https:\/\/associationfanarenana.org\/index.php\/wp-json\/wp\/v2\/comments?post=5138"}],"version-history":[{"count":4,"href":"https:\/\/associationfanarenana.org\/index.php\/wp-json\/wp\/v2\/posts\/5138\/revisions"}],"predecessor-version":[{"id":5146,"href":"https:\/\/associationfanarenana.org\/index.php\/wp-json\/wp\/v2\/posts\/5138\/revisions\/5146"}],"wp:featuredmedia":[{"embeddable":true,"href":"https:\/\/associationfanarenana.org\/index.php\/wp-json\/wp\/v2\/media\/5139"}],"wp:attachment":[{"href":"https:\/\/associationfanarenana.org\/index.php\/wp-json\/wp\/v2\/media?parent=5138"}],"wp:term":[{"taxonomy":"category","embeddable":true,"href":"https:\/\/associationfanarenana.org\/index.php\/wp-json\/wp\/v2\/categories?post=5138"},{"taxonomy":"post_tag","embeddable":true,"href":"https:\/\/associationfanarenana.org\/index.php\/wp-json\/wp\/v2\/tags?post=5138"}],"curies":[{"name":"wp","href":"https:\/\/api.w.org\/{rel}","templated":true}]}}